{"id":34632,"date":"2021-11-24T07:44:30","date_gmt":"2021-11-24T13:44:30","guid":{"rendered":"http:\/\/www.zonaroja.com.mx\/?p=34632"},"modified":"2021-11-24T07:44:34","modified_gmt":"2021-11-24T13:44:34","slug":"expertos-analizan-en-seminario-internacional-retos-y-avances-de-justicia-indigena","status":"publish","type":"post","link":"https:\/\/zonaroja.com.mx\/?p=34632","title":{"rendered":"Expertos analizan en Seminario internacional retos y avances de justicia ind\u00edgena"},"content":{"rendered":"\n<p>Redacci\u00f3n\/Zona Roja.<\/p>\n\n\n\n<p>Oaxaca de Ju\u00e1rez, Oax., 24 de noviembre de 2021.- Con la participaci\u00f3n del relator especial de la Naciones Unidas sobre los Derechos de los Pueblos Ind\u00edgenas, Francisco Cali Tzay. abogado y diplom\u00e1tico guatemalteco, inici\u00f3 el Seminario Internacional sobre Sistemas Normativos Ind\u00edgenas y Pluralismo Jur\u00eddico, organizado por el Poder Judicial de Oaxaca en conjunto con el Instituto Nacional de los Pueblos Ind\u00edgenas (INPI) y el Programa Pluralismo Jur\u00eddico &amp; Eficacia de Derechos del Centro de Investigaciones y Estudios Superiores en Antropolog\u00eda Social (PLURAL-CIESAS).<\/p>\n\n\n\n<p>Con reflexiones acerca sobre la evoluci\u00f3n del estado plurinacional en Am\u00e9rica Latina y los retos del Pluralismo Jur\u00eddico, el fundador y coordinador del Programa de Derechos Ind\u00edgenas del Centro de Acci\u00f3n Legal en Derechos Humanos (CALDH) en Guatemala, comparti\u00f3 el proceso para el reconocimiento de los derechos ind\u00edgenas y el proyecto de Estado pluricultural.<\/p>\n\n\n\n<p>Se\u00f1al\u00f3 que desde finales de los a\u00f1os 80 y principios de los 90 hasta el a\u00f1o 2000, los pa\u00edses latinoamericanos vivieron una oleada de reformas constitucionales multiculturales que superaron la idea mono\u00e9tnica del Estado Nacional a favor de un Estado Plurinacional.<\/p>\n\n\n\n<p>Tras se\u00f1alar que el trabajo de M\u00e9xico es de gran importancia para el avance para la defensa de los derechos humanos de los pueblos ind\u00edgenas y de las comunidades afromexicanas, mencion\u00f3 que avanzar en una nueva idea de sociedad que asegure la participaci\u00f3n directa de los pueblos ind\u00edgenas en la definici\u00f3n de la estructura social y pol\u00edtica, debe garantizar que el sistema jur\u00eddico incorpore las reinvindicaciones hist\u00f3ricas y epist\u00e9micas de este sector de la sociedad.<\/p>\n\n\n\n<p>Desde el lunes 22 y hasta el jueves 25 de noviembre, especialistas e investigadores de M\u00e9xico y pa\u00edses como Guatemala, Ecuador, Colombia, Chile, Per\u00fa y Francia, participan en las conferencias magistrales y paneles de discusi\u00f3n con los temas: la construcci\u00f3n de un Estado pluricultural; la libre determinaci\u00f3n, justicia y gobierno ind\u00edgena; pluralismo y justicia, la perspectiva de g\u00e9nero desde y en la justicia ind\u00edgena, experiencias comunitarias y retos de la jurisdicci\u00f3n, que se desarrollar\u00e1n en las modalidades presencial y a distancia.<\/p>\n\n\n\n<p>Durante la ceremonia inaugural, el presidente del Tribunal Superior de Justicia, magistrado Eduardo Pinacho S\u00e1nchez, afirm\u00f3 que la interculturalidad exige un esfuerzo de construcci\u00f3n que va m\u00e1s all\u00e1 de la simple tolerancia y reconocimiento de la diversidad, ya que debe trastocar las relaciones de poder que subyacen en realidades discriminatorias.<\/p>\n\n\n\n<p>En presencia del director general del INPI, Adelfo Regino Montes; de la presidenta de la mesa directiva de la LXV Legislatura del Congreso del Estado, diputada Mariana Ben\u00edtez Tiburcio; las secretarias de los Pueblos Ind\u00edgenas y Afromexicano (SEPIA), Nallely Hern\u00e1ndez Garc\u00eda y de las Mujeres de Oaxaca (SMO), Ana V\u00e1squez Colmenares Guzm\u00e1n puntualiz\u00f3 que Oaxaca es punta de lanza en reconocimiento de los pueblos ind\u00edgenas.<\/p>\n\n\n\n<p>\u201cLa compleja impartici\u00f3n de la justicia en una sociedad pluricultural y diversa nos llama a encontrar soluciones pr\u00e1cticas desde enfoques de derechos humanos, interculturalidad y perspectiva de g\u00e9nero\u201d, enfatiz\u00f3.<\/p>\n\n\n\n<p>En el inicio de seminario estuvieron presentes tambi\u00e9n el presidente de la Sala de Justicia Ind\u00edgena del Tribunal Superior de Justicia, magistrado Luis Enrique Cordero Aguilar; el doctor V\u00edctor Leonel Juan Mart\u00ednez, en representaci\u00f3n de la directora de CIESAS Unidad Pac\u00edfico Sur, Daniela Traffano Alfieri y el presidente de la Defensor\u00eda de los Derechos Humanos del Pueblo de Oaxaca (DDHPO), Bernardo Rodr\u00edguez Alamilla.<\/p>\n\n\n\n<p>La agenda completa de las actividades se puede consultar en las redes sociales del Poder Judicial, en Facebook: Tribunal Superior de Justicia de Oaxaca y en Twitter @tsjoaxaca; as\u00ed como de la Direcci\u00f3n de Derechos Humanos en Facebook: DerechosHumanosPJEO y en Twitter: @DerechosDh, a trav\u00e9s de las cuales se transmiten las conferencias y paneles.<\/p>\n","protected":false},"excerpt":{"rendered":"<p>Redacci\u00f3n\/Zona Roja. Oaxaca de Ju\u00e1rez, Oax., 24 de noviembre de 2021.- Con la participaci\u00f3n del&hellip;<\/p>\n","protected":false},"author":2,"featured_media":34633,"comment_status":"closed","ping_status":"open","sticky":false,"template":"","format":"standard","meta":{"_lmt_disableupdate":"","_lmt_disable":"","_jetpack_memberships_contains_paid_content":false,"footnotes":""},"categories":[109,46],"tags":[223],"class_list":["post-34632","post","type-post","status-publish","format-standard","has-post-thumbnail","hentry","category-minuto-a-minuto","category-zona-blanca","tag-poder-judicial-de-oaxaca"],"jetpack_featured_media_url":"https:\/\/zonaroja.com.mx\/wp-content\/uploads\/2021\/11\/Francisco-Cali-Tzay.-abogado-y-diplomatico-guatemalteco.jpg","jetpack_sharing_enabled":true,"_links":{"self":[{"href":"https:\/\/zonaroja.com.mx\/index.php?rest_route=\/wp\/v2\/posts\/34632","targetHints":{"allow":["GET"]}}],"collection":[{"href":"https:\/\/zonaroja.com.mx\/index.php?rest_route=\/wp\/v2\/posts"}],"about":[{"href":"https:\/\/zonaroja.com.mx\/index.php?rest_route=\/wp\/v2\/types\/post"}],"author":[{"embeddable":true,"href":"https:\/\/zonaroja.com.mx\/index.php?rest_route=\/wp\/v2\/users\/2"}],"replies":[{"embeddable":true,"href":"https:\/\/zonaroja.com.mx\/index.php?rest_route=%2Fwp%2Fv2%2Fcomments&post=34632"}],"version-history":[{"count":1,"href":"https:\/\/zonaroja.com.mx\/index.php?rest_route=\/wp\/v2\/posts\/34632\/revisions"}],"predecessor-version":[{"id":34634,"href":"https:\/\/zonaroja.com.mx\/index.php?rest_route=\/wp\/v2\/posts\/34632\/revisions\/34634"}],"wp:featuredmedia":[{"embeddable":true,"href":"https:\/\/zonaroja.com.mx\/index.php?rest_route=\/wp\/v2\/media\/34633"}],"wp:attachment":[{"href":"https:\/\/zonaroja.com.mx\/index.php?rest_route=%2Fwp%2Fv2%2Fmedia&parent=34632"}],"wp:term":[{"taxonomy":"category","embeddable":true,"href":"https:\/\/zonaroja.com.mx\/index.php?rest_route=%2Fwp%2Fv2%2Fcategories&post=34632"},{"taxonomy":"post_tag","embeddable":true,"href":"https:\/\/zonaroja.com.mx\/index.php?rest_route=%2Fwp%2Fv2%2Ftags&post=34632"}],"curies":[{"name":"wp","href":"https:\/\/api.w.org\/{rel}","templated":true}]}}