{"id":34637,"date":"2021-11-24T08:19:59","date_gmt":"2021-11-24T14:19:59","guid":{"rendered":"http:\/\/www.zonaroja.com.mx\/?p=34637"},"modified":"2021-11-24T08:21:19","modified_gmt":"2021-11-24T14:21:19","slug":"enviado-de-gobierno-disparo-contra-indigena-triqui-en-caseta-de-huitzo-multi","status":"publish","type":"post","link":"https:\/\/zonaroja.com.mx\/?p=34637","title":{"rendered":"Enviado de gobierno dispar\u00f3 contra ind\u00edgena triqui en caseta de Huitzo: MULTI"},"content":{"rendered":"\n<p>Ismael Garc\u00eda M.\/Zona Roja.<\/p>\n\n\n\n<p>Oaxaca de Ju\u00e1rez, Oax., 24 de noviembre de 2021.- Un enviado del Gobierno del Estado de Oaxaca dispar\u00f3 en contra de un ind\u00edgena triqui de San Jos\u00e9 Xochitl\u00e1n, ayer en la caseta de peaje de Huitzo, acus\u00f3 el Movimiento de Unificaci\u00f3n y Lucha Independiente (MULTI).<\/p>\n\n\n\n<p>\u201cEl Gobierno del Estado, en lugar de atender a los representantes de la comunidad, envi\u00f3 a dos personas armadas, en una camioneta roja, que dispar\u00f3 en contra de los habitantes, del cual un compa\u00f1ero de nombre Benjam\u00edn Santiago Hern\u00e1ndez result\u00f3 gravemente herido\u201d, dijo en un comunicado.<\/p>\n\n\n\n<p>Agreg\u00f3 que a pesar de que hab\u00eda una patrulla en la zona de la caseta de cobro, en la supercarretera Oaxaca-Cuacnopalan, \u201c\u00e9sta no hizo nada por detener a los agresores y dej\u00f3 que escapara hacia la ciudad, sin darles alcance.<\/p>\n\n\n\n<p>Lament\u00f3 que a pesar de que Xochitl\u00e1n tiene una sentencia del Tribunal Superior de Justicia de Oaxaca para que la cabecera municipal, San Mart\u00edn Itunyoso, le pague las participaciones municipales que le corresponde, esto no se ha cumplido, por lo cual reiniciaron una serie de movilizaciones desde el lunes, entre ellas la \u201ctoma\u201d de la caseta de peaje, donde fueron baleados ayer.<\/p>\n\n\n\n<figure class=\"wp-block-embed\"><div class=\"wp-block-embed__wrapper\">\n<div class=\"twitter-tweet\"><blockquote class=\"twitter-tweet\" data-lang=\"es\"><p lang=\"es\" dir=\"ltr\"><a href=\"https:\/\/twitter.com\/hashtag\/URGENTE?src=hash&amp;ref_src=twsrc%5Etfw\">#URGENTE<\/a> Personas armadas atacan a los hermanos triquis de <a href=\"https:\/\/twitter.com\/hashtag\/SanJoseXochixtlan?src=hash&amp;ref_src=twsrc%5Etfw\">#SanJoseXochixtlan<\/a>. Nos solidarizamos con su causa y exigimos a <a href=\"https:\/\/twitter.com\/PacoPiza9?ref_src=twsrc%5Etfw\">@PacoPiza9<\/a> <a href=\"https:\/\/twitter.com\/DefensorOax?ref_src=twsrc%5Etfw\">@DefensorOax<\/a> <a href=\"https:\/\/twitter.com\/PeimbertArturo?ref_src=twsrc%5Etfw\">@PeimbertArturo<\/a> <a href=\"https:\/\/twitter.com\/alejandromurat?ref_src=twsrc%5Etfw\">@alejandromurat<\/a> intervengan para darle soluci\u00f3n a la demanda de los pobladores. <a href=\"https:\/\/t.co\/fzwLpvoAt7\">pic.twitter.com\/fzwLpvoAt7<\/a><\/p>&mdash; MULTI (@MULTI_Oficial1) <a href=\"https:\/\/twitter.com\/MULTI_Oficial1\/status\/1463344023704379394?ref_src=twsrc%5Etfw\">24 de noviembre de 2021<\/a><\/blockquote><\/div>\n<\/div><\/figure>\n\n\n\n<p>\u201cAnte este escenario, nos solidarizamos con nuestros hermanos triquis y nos sumamos a su exigencia para que el gobierno municipal y estatal dejen de ser omisos ante la problem\u00e1tica y cumplan con su responsabilidad y obligaciones.<\/p>\n\n\n\n<p>Por su parte, la Fiscal\u00eda General del Estado de Oaxaca difundi\u00f3 ayer que inici\u00f3 la Carpeta de Investigaci\u00f3n 38596\/FVCE\/OAXACA\/2021, por el delito de lesiones calificadas, adem\u00e1s de desplegar personal en la zona para iniciar las indagatorias.<\/p>\n\n\n\n<p>En tanto, a trav\u00e9s de un comunicado, la Secretar\u00eda General de Gobierno conden\u00f3 los hechos y pidi\u00f3 al MULTI \u201cevitar especulaciones que alteren el orden y la paz social\u201d.<\/p>\n\n\n\n<p>Excus\u00f3 que ha atendido a las partes en conflicto, los ha llamado al di\u00e1logo y ayer por la tarde, tras los hechos, instal\u00f3 una mesa de trabajo con habitantes de Xochitl\u00e1n.<\/p>\n\n\n\n<figure class=\"wp-block-embed\"><div class=\"wp-block-embed__wrapper\">\n<div class=\"twitter-tweet\"><blockquote class=\"twitter-tweet\" data-lang=\"es\"><p lang=\"es\" dir=\"ltr\">La <a href=\"https:\/\/twitter.com\/hashtag\/FGEO?src=hash&amp;ref_src=twsrc%5Etfw\">#FGEO<\/a> despleg\u00f3 a su personal multidisciplinario al lugar de los hechos y realizar\u00e1 los actos de investigaci\u00f3n pertinentes hasta dar con quien resulte responsable. (2\/2) <a href=\"https:\/\/t.co\/egUtVuSWHt\">pic.twitter.com\/egUtVuSWHt<\/a><\/p>&mdash; Fiscal\u00eda General (@FISCALIA_GobOax) <a href=\"https:\/\/twitter.com\/FISCALIA_GobOax\/status\/1463360239034585088?ref_src=twsrc%5Etfw\">24 de noviembre de 2021<\/a><\/blockquote><\/div>\n<\/div><\/figure>\n","protected":false},"excerpt":{"rendered":"<p>Ismael Garc\u00eda M.\/Zona Roja. Oaxaca de Ju\u00e1rez, Oax., 24 de noviembre de 2021.- Un enviado&hellip;<\/p>\n","protected":false},"author":2,"featured_media":34638,"comment_status":"closed","ping_status":"open","sticky":false,"template":"","format":"standard","meta":{"_lmt_disableupdate":"","_lmt_disable":"","_jetpack_memberships_contains_paid_content":false,"footnotes":""},"categories":[109,47],"tags":[2952],"class_list":["post-34637","post","type-post","status-publish","format-standard","has-post-thumbnail","hentry","category-minuto-a-minuto","category-zona-gris","tag-san-jose-xochitlan"],"jetpack_featured_media_url":"https:\/\/zonaroja.com.mx\/wp-content\/uploads\/2021\/11\/Herido-caseta-Huitzo-y-MULTI.jpg","jetpack_sharing_enabled":true,"_links":{"self":[{"href":"https:\/\/zonaroja.com.mx\/index.php?rest_route=\/wp\/v2\/posts\/34637","targetHints":{"allow":["GET"]}}],"collection":[{"href":"https:\/\/zonaroja.com.mx\/index.php?rest_route=\/wp\/v2\/posts"}],"about":[{"href":"https:\/\/zonaroja.com.mx\/index.php?rest_route=\/wp\/v2\/types\/post"}],"author":[{"embeddable":true,"href":"https:\/\/zonaroja.com.mx\/index.php?rest_route=\/wp\/v2\/users\/2"}],"replies":[{"embeddable":true,"href":"https:\/\/zonaroja.com.mx\/index.php?rest_route=%2Fwp%2Fv2%2Fcomments&post=34637"}],"version-history":[{"count":2,"href":"https:\/\/zonaroja.com.mx\/index.php?rest_route=\/wp\/v2\/posts\/34637\/revisions"}],"predecessor-version":[{"id":34640,"href":"https:\/\/zonaroja.com.mx\/index.php?rest_route=\/wp\/v2\/posts\/34637\/revisions\/34640"}],"wp:featuredmedia":[{"embeddable":true,"href":"https:\/\/zonaroja.com.mx\/index.php?rest_route=\/wp\/v2\/media\/34638"}],"wp:attachment":[{"href":"https:\/\/zonaroja.com.mx\/index.php?rest_route=%2Fwp%2Fv2%2Fmedia&parent=34637"}],"wp:term":[{"taxonomy":"category","embeddable":true,"href":"https:\/\/zonaroja.com.mx\/index.php?rest_route=%2Fwp%2Fv2%2Fcategories&post=34637"},{"taxonomy":"post_tag","embeddable":true,"href":"https:\/\/zonaroja.com.mx\/index.php?rest_route=%2Fwp%2Fv2%2Ftags&post=34637"}],"curies":[{"name":"wp","href":"https:\/\/api.w.org\/{rel}","templated":true}]}}