{"id":34649,"date":"2021-11-24T20:17:44","date_gmt":"2021-11-25T02:17:44","guid":{"rendered":"http:\/\/www.zonaroja.com.mx\/?p=34649"},"modified":"2021-11-24T20:17:49","modified_gmt":"2021-11-25T02:17:49","slug":"ante-nula-atencion-de-segego-crecen-y-radicalizan-protestas-en-oaxaca","status":"publish","type":"post","link":"https:\/\/zonaroja.com.mx\/?p=34649","title":{"rendered":"Ante nula atenci\u00f3n de Segego, crecen y radicalizan protestas en Oaxaca"},"content":{"rendered":"\n<p>Yuridiana Sosa\/Zona Roja.<\/p>\n\n\n\n<p>Oaxaca de Ju\u00e1rez, Oax., 25 de noviembre de 2021- Las protestas en Oaxaca se mantienen por tercer d\u00eda consecutivo de la semana.<\/p>\n\n\n\n<p>Pero ahora se han radicalizado, con m\u00faltiples bloqueos de vialidades, \u201ctoma\u201d de camiones y quema de llantas, ante la nula atenci\u00f3n por parte de la Secretar\u00eda General de Gobierno (Segego)<\/p>\n\n\n\n<p>La capital volvi\u00f3 a ser reh\u00e9n de las manifestaciones por m\u00e1s de 10 horas, para denunciar la indolencia de las autoridades en la atenci\u00f3n a peticiones en distintos \u00e1mbitos, de lo cual el gobernador Alejandro Murat hace o\u00eddos sordos mientras presume que en Oaxaca hay orden.<\/p>\n\n\n\n<p>Desde temprana hora, integrantes del Sindicato de Empleados del Instituto de Estudios de Bachillerato del Estado de Oaxaca (SEIEBO) instalaron bloqueos en la ciudad para exigir al Gobierno del Estado la firma del contrato colectivo de trabajo.<\/p>\n\n\n\n<p>Con la retenci\u00f3n de autobuses, cerraron la vialidad en el crucero de Cinco Se\u00f1ores y en vialidades aleda\u00f1as al estadio de b\u00e9isbol, as\u00ed como la avenida Universidad.<\/p>\n\n\n\n<p>Los manifestantes se\u00f1alaron desigualdad de condiciones laborales por parte del director general del IEBO, Alejandro Aroche Tarasco, quien favorece a sindicatos mayoritarios. Tras una mesa de di\u00e1logo, alrededor de las 17:00 horas se retiraron los bloqueos.<\/p>\n\n\n\n<figure class=\"wp-block-embed is-type-rich is-provider-twitter wp-block-embed-twitter\"><div class=\"wp-block-embed__wrapper\">\n<div class=\"twitter-tweet\"><blockquote class=\"twitter-tweet\" data-lang=\"es\"><p lang=\"es\" dir=\"ltr\"><a href=\"https:\/\/twitter.com\/hashtag\/%C3%9AltimoMinuto?src=hash&amp;ref_src=twsrc%5Etfw\">#\u00daltimoMinuto<\/a> <br>A temprana hora inician los bloqueos en Oaxaca, a falta de atenci\u00f3n previa de la <a href=\"https:\/\/twitter.com\/SEGEGO_GobOax?ref_src=twsrc%5Etfw\">@SEGEGO_GobOax<\/a> y dem\u00e1s dependencias del <a href=\"https:\/\/twitter.com\/GobOax?ref_src=twsrc%5Etfw\">@GobOax<\/a>.<br>Trabajadores del <a href=\"https:\/\/twitter.com\/IEBO_GobOax?ref_src=twsrc%5Etfw\">@IEBO_GobOax<\/a> bloquean cruceros de la capital, como el de Cinco Se\u00f1ores y del estadio de b\u00e9isbol. <a href=\"https:\/\/t.co\/C43Q0QmiyD\">pic.twitter.com\/C43Q0QmiyD<\/a><\/p>&mdash; Zona Roja Oaxaca (@Zona_Roja_Oax) <a href=\"https:\/\/twitter.com\/Zona_Roja_Oax\/status\/1463500863280930823?ref_src=twsrc%5Etfw\">24 de noviembre de 2021<\/a><\/blockquote><\/div>\n<\/div><\/figure>\n\n\n\n<p>TAMBI\u00c9N CANDIANI<\/p>\n\n\n\n<p>Por otra parte, vecinos de la agencia municipal de Candiani, de Oaxaca de Ju\u00e1rez, bloquearon la avenida de S\u00edmbolos Patrios donde se realizan obras, para exigir a la Secretar\u00eda de las Infraestructuras y Ordenamiento Territorial (Sinfra) y a Servicios de Agua Potable y Alcantarillado de Oaxaca (SAPAO) la realizaci\u00f3n de una obra pendiente desde el 2017.<\/p>\n\n\n\n<p>Los habitantes reclaman la pavimentaci\u00f3n con concreto hidr\u00e1ulico de las calles Antonio de Le\u00f3n, Privada del Avi\u00f3n, El Avi\u00f3n, Emiliano Zapata y M\u00e1rtires de Tacubaya, pues a pesar que han cumplido con documentaci\u00f3n y les han prometido la ejecuci\u00f3n, no se cumple.<\/p>\n\n\n\n<p>La manifestaci\u00f3n de este d\u00eda ocasion\u00f3 la molestia de otros ciudadanos e incluso la confrontaci\u00f3n con empresarios, quienes refieren que los bloqueos solo contribuyen a empeorar la dif\u00edcil situaci\u00f3n econ\u00f3mica. Fue retirada alrededor de las 13:00 horas.<\/p>\n\n\n\n<figure class=\"wp-block-embed is-type-rich is-provider-twitter wp-block-embed-twitter\"><div class=\"wp-block-embed__wrapper\">\n<div class=\"twitter-tweet\"><blockquote class=\"twitter-tweet\" data-lang=\"es\"><p lang=\"es\" dir=\"ltr\"><a href=\"https:\/\/twitter.com\/hashtag\/%C3%9AltimoMinuto?src=hash&amp;ref_src=twsrc%5Etfw\">#\u00daltimoMinuto<\/a> <br>\u00bfY la <a href=\"https:\/\/twitter.com\/SEGEGO_GobOax?ref_src=twsrc%5Etfw\">@segego_goboax<\/a>? Se intensifican bloqueos en <a href=\"https:\/\/twitter.com\/hashtag\/Oaxaca?src=hash&amp;ref_src=twsrc%5Etfw\">#Oaxaca<\/a> y ahora colonos bloquean la avenida S\u00edmbolos Patrios, al sur de la capital, por exigencia de obras. <a href=\"https:\/\/t.co\/EaLarCL4YP\">pic.twitter.com\/EaLarCL4YP<\/a><\/p>&mdash; Zona Roja Oaxaca (@Zona_Roja_Oax) <a href=\"https:\/\/twitter.com\/Zona_Roja_Oax\/status\/1463534075248009226?ref_src=twsrc%5Etfw\">24 de noviembre de 2021<\/a><\/blockquote><\/div>\n<\/div><\/figure>\n\n\n\n<p>OTRAS MANIFESTACIONES<\/p>\n\n\n\n<p>Al caos de este mi\u00e9rcoles se unieron un grupo de jubilados de la Secci\u00f3n 22 del Sindicato Nacional de Trabajadores de la Educaci\u00f3n (SNTE), quienes bloquearon las calles de Armenta y L\u00f3pez con Hidalgo, as\u00ed como \u201ctomaron\u201d el edificio sindical.<\/p>\n\n\n\n<p>Los ex trabajadores del periodo 2015-2021 exigen soluci\u00f3n a sus demandas, as\u00ed como denunciaron a su propia dirigencia sindical de supuestas ventas de plazas.<\/p>\n\n\n\n<p>En tanto, sobre la avenida Ju\u00e1rez, frente a Juzgados y Tribunales D\u00e9cimo Tercer Circuito, se registr\u00f3 un bloqueo por integrantes de la Liga Mexicana de Defensa de los Derechos Humanos (LIMEDDH) y la Asamblea Permanente de V\u00edctimas y Ex Presos Pol\u00edticos del 2006.<\/p>\n\n\n\n<p>Mientras que en el z\u00f3calo de la ciudad, en el acceso principal a Palacio de Gobierno, el Frente Popular Revolucionario se manifest\u00f3 a 15 meses del asesinato de su compa\u00f1ero y l\u00edder, Tom\u00e1s Mart\u00ednez Pinacho, as\u00ed como expres\u00f3 su solidaridad y participaci\u00f3n activa en el plant\u00f3n que mantiene la Uni\u00f3n de Artesanos y Comerciantes en Lucha (UACOL) en el z\u00f3calo.<\/p>\n\n\n\n<p>por otra parte, un grupo de supuestos normalistas \u00abtom\u00f3\u00bb al menos seis camiones del transporte de pasajeros de la capital dele stado, con los cuales pretend\u00edan efectuar movilizaciones y vandalismo; la Polic\u00eda Estatal de moviliz\u00f3 de inmediato y logr\u00f3 recuperar las unidades; los inconformes se atrincheraron en el edificio de la Secci\u00f3n 22 del SNTE ubicado en Santa Luc\u00eda del Camino.<\/p>\n\n\n\n<p>Este mi\u00e9rcoles se cumplieron tres d\u00edas de protesta y bloqueo por parte de habitantes de Barranca Larga, Ejutla de Crespo, quienes se instalaron en el acceso a la autopista a la Costa, a quienes el gobierno del estado les ha negado una mesa de di\u00e1logo.<\/p>\n\n\n\n<p>Los pobladores demandan rastreo de todos los caminos de su comunidad; pavimentaci\u00f3n de cuatro kil\u00f3metros; mejoramiento de la entrada y salida a la poblaci\u00f3n; puentes peatonales, alcantarillado, muros de contenci\u00f3n, tres carros para la agencia, una ambulancia y dos ba\u00f1os para el pante\u00f3n municipal.<\/p>\n\n\n\n<figure class=\"wp-block-embed is-type-rich is-provider-twitter wp-block-embed-twitter\"><div class=\"wp-block-embed__wrapper\">\n<div class=\"twitter-tweet\"><blockquote class=\"twitter-tweet\" data-lang=\"es\"><p lang=\"es\" dir=\"ltr\"><a href=\"https:\/\/twitter.com\/hashtag\/%C3%9AltimoMinuto?src=hash&amp;ref_src=twsrc%5Etfw\">#\u00daltimoMinuto<\/a> <br>Una comisi\u00f3n de inconformes de Ayoquezco de Aldama ser\u00e1 atendida por diputados. <br>Pero al momento de ingresar, un trabajador de Salud intent\u00f3 salir por la fuerza, lo que origin\u00f3 un zafarrancho en el exterior de la sede del <a href=\"https:\/\/twitter.com\/CongresoOaxaca_?ref_src=twsrc%5Etfw\">@CongresoOaxaca_<\/a>. <a href=\"https:\/\/t.co\/jPvq1LMsyo\">pic.twitter.com\/jPvq1LMsyo<\/a><\/p>&mdash; Zona Roja Oaxaca (@Zona_Roja_Oax) <a href=\"https:\/\/twitter.com\/Zona_Roja_Oax\/status\/1463595808679510024?ref_src=twsrc%5Etfw\">24 de noviembre de 2021<\/a><\/blockquote><\/div>\n<\/div><\/figure>\n\n\n\n<p>Mientras que en el Istmo, se llev\u00f3 a cabo una marcha por habitantes de Santo Domingo Zanatepec e integrantes de la Coordinadora de Pueblos del Istmo en Resistencia (Copir) y del grupo de Resistencia Civil de Chahuites, contra las altas tarifas de la Comisi\u00f3n Federal de Electricidad (CFE).<\/p>\n\n\n\n<p>DIPUTADOS RETENIDOS<\/p>\n\n\n\n<p>Mientras que en la sede del Congreso del Estado, en San Raymundo Jalpan, pobladores del municipio de Ayoquezco de Aldama pusieron cadenas y candados a las puertas de acceso a la C\u00e1mara de Diputados.<\/p>\n\n\n\n<p>Ante la desatenci\u00f3n de los diputados de la 65 Legislatura, optaron por quemar llantas en la puerta principal, tras lo cual una comisi\u00f3n fue recibida, para reiterar su exigencia de renuncia del presidente municipal, tras ser se\u00f1alado de violencia de g\u00e9nero.<\/p>\n","protected":false},"excerpt":{"rendered":"<p>Yuridiana Sosa\/Zona Roja. Oaxaca de Ju\u00e1rez, Oax., 25 de noviembre de 2021- Las protestas en&hellip;<\/p>\n","protected":false},"author":2,"featured_media":34650,"comment_status":"closed","ping_status":"open","sticky":false,"template":"","format":"standard","meta":{"_lmt_disableupdate":"","_lmt_disable":"","_jetpack_memberships_contains_paid_content":false,"footnotes":""},"categories":[109,47],"tags":[2254],"class_list":["post-34649","post","type-post","status-publish","format-standard","has-post-thumbnail","hentry","category-minuto-a-minuto","category-zona-gris","tag-protestas-y-bloqueos-oaxaca"],"jetpack_featured_media_url":"https:\/\/zonaroja.com.mx\/wp-content\/uploads\/2021\/11\/Protesta-en-Congreso-del-Estado-de-Oaxaca.jpg","jetpack_sharing_enabled":true,"_links":{"self":[{"href":"https:\/\/zonaroja.com.mx\/index.php?rest_route=\/wp\/v2\/posts\/34649","targetHints":{"allow":["GET"]}}],"collection":[{"href":"https:\/\/zonaroja.com.mx\/index.php?rest_route=\/wp\/v2\/posts"}],"about":[{"href":"https:\/\/zonaroja.com.mx\/index.php?rest_route=\/wp\/v2\/types\/post"}],"author":[{"embeddable":true,"href":"https:\/\/zonaroja.com.mx\/index.php?rest_route=\/wp\/v2\/users\/2"}],"replies":[{"embeddable":true,"href":"https:\/\/zonaroja.com.mx\/index.php?rest_route=%2Fwp%2Fv2%2Fcomments&post=34649"}],"version-history":[{"count":1,"href":"https:\/\/zonaroja.com.mx\/index.php?rest_route=\/wp\/v2\/posts\/34649\/revisions"}],"predecessor-version":[{"id":34651,"href":"https:\/\/zonaroja.com.mx\/index.php?rest_route=\/wp\/v2\/posts\/34649\/revisions\/34651"}],"wp:featuredmedia":[{"embeddable":true,"href":"https:\/\/zonaroja.com.mx\/index.php?rest_route=\/wp\/v2\/media\/34650"}],"wp:attachment":[{"href":"https:\/\/zonaroja.com.mx\/index.php?rest_route=%2Fwp%2Fv2%2Fmedia&parent=34649"}],"wp:term":[{"taxonomy":"category","embeddable":true,"href":"https:\/\/zonaroja.com.mx\/index.php?rest_route=%2Fwp%2Fv2%2Fcategories&post=34649"},{"taxonomy":"post_tag","embeddable":true,"href":"https:\/\/zonaroja.com.mx\/index.php?rest_route=%2Fwp%2Fv2%2Ftags&post=34649"}],"curies":[{"name":"wp","href":"https:\/\/api.w.org\/{rel}","templated":true}]}}