{"id":3465,"date":"2019-08-28T08:26:57","date_gmt":"2019-08-28T13:26:57","guid":{"rendered":"http:\/\/www.zonaroja.com.mx\/?p=3465"},"modified":"2019-08-28T22:07:46","modified_gmt":"2019-08-29T03:07:46","slug":"otra-pifia-de-fiscalia-despues-de-4-anos-declaran-inocente-a-acusado-de-violacion","status":"publish","type":"post","link":"https:\/\/zonaroja.com.mx\/?p=3465","title":{"rendered":"Otra pifia de Fiscal\u00eda: despu\u00e9s de 4 a\u00f1os declaran inocente a acusado de violaci\u00f3n"},"content":{"rendered":"\n<p>Redacci\u00f3n\/Zona\nRoja.<\/p>\n\n\n\n<p>Oaxaca de\nJu\u00e1rez, Oax., 28 de agosto de 2019.- Pese al discurso de protecci\u00f3n a las\nmujeres y combate a la impunidad, tras las pifias de la Fiscal\u00eda General del\nEstado de Oaxaca, un hombre preso desde hace cuatro a\u00f1os, acusado de violar a\nuna menor, fue puesto en libertad tras comprobarse su inocencia.<\/p>\n\n\n\n<p>El ind\u00edgena Adolfo\nMendoza Guti\u00e9rrez fue aprehendido el 23 de abril de 2015 en Santiago Jamiltepec,\nregi\u00f3n de la Costa, se\u00f1alado de haber ultrajado a una menor de edad, tras ello\nfue recluido en el penal de Santa Catarina Juquila, mientras se desarrollaba el\nproceso. <\/p>\n\n\n\n<p>El 3 de abril\ndel 2012, el Ministerio P\u00fablico de Santiago Jamiltepec consign\u00f3 la Averiguaci\u00f3n\nPrevia iniciada tras la denuncia de la v\u00edctima y solicit\u00f3 al Juez Mixto de\nPrimera Instancia, se ejercitara acci\u00f3n penal contra Adolfo.<\/p>\n\n\n\n<p>El detenido\nfue acusado de agredir a una menor en un domicilio de Santa Catarina Mechoac\u00e1n,\na las 05:00 horas del 26 de diciembre del 2011.<\/p>\n\n\n\n<p>El pasado\nfin de semana, al reanudarse la audiencia del caso, el abogado defensor del\nind\u00edgena argument\u00f3 que el Ministerio P\u00fablico no present\u00f3 elementos\ncomprobatorios fehacientes para acusar y procesar al se\u00f1alado. Ante ello, el\njuez de la causa determin\u00f3 poner en libertad a Adolfo Mendoza Guti\u00e9rrez, luego\nde m\u00e1s de cuatro a\u00f1os en prisi\u00f3n.<\/p>\n","protected":false},"excerpt":{"rendered":"<p>Redacci\u00f3n\/Zona Roja. Oaxaca de Ju\u00e1rez, Oax., 28 de agosto de 2019.- Pese al discurso de&hellip;<\/p>\n","protected":false},"author":2,"featured_media":3486,"comment_status":"closed","ping_status":"open","sticky":false,"template":"","format":"standard","meta":{"_lmt_disableupdate":"","_lmt_disable":"","_jetpack_memberships_contains_paid_content":false,"footnotes":""},"categories":[109,47],"tags":[494],"class_list":["post-3465","post","type-post","status-publish","format-standard","has-post-thumbnail","hentry","category-minuto-a-minuto","category-zona-gris","tag-fiscalia-general-del-estado-de-oaxaca"],"jetpack_featured_media_url":"https:\/\/zonaroja.com.mx\/wp-content\/uploads\/2019\/08\/libre-acusado-de-violaci\u00f3n.jpg","jetpack_sharing_enabled":true,"_links":{"self":[{"href":"https:\/\/zonaroja.com.mx\/index.php?rest_route=\/wp\/v2\/posts\/3465","targetHints":{"allow":["GET"]}}],"collection":[{"href":"https:\/\/zonaroja.com.mx\/index.php?rest_route=\/wp\/v2\/posts"}],"about":[{"href":"https:\/\/zonaroja.com.mx\/index.php?rest_route=\/wp\/v2\/types\/post"}],"author":[{"embeddable":true,"href":"https:\/\/zonaroja.com.mx\/index.php?rest_route=\/wp\/v2\/users\/2"}],"replies":[{"embeddable":true,"href":"https:\/\/zonaroja.com.mx\/index.php?rest_route=%2Fwp%2Fv2%2Fcomments&post=3465"}],"version-history":[{"count":1,"href":"https:\/\/zonaroja.com.mx\/index.php?rest_route=\/wp\/v2\/posts\/3465\/revisions"}],"predecessor-version":[{"id":3467,"href":"https:\/\/zonaroja.com.mx\/index.php?rest_route=\/wp\/v2\/posts\/3465\/revisions\/3467"}],"wp:featuredmedia":[{"embeddable":true,"href":"https:\/\/zonaroja.com.mx\/index.php?rest_route=\/wp\/v2\/media\/3486"}],"wp:attachment":[{"href":"https:\/\/zonaroja.com.mx\/index.php?rest_route=%2Fwp%2Fv2%2Fmedia&parent=3465"}],"wp:term":[{"taxonomy":"category","embeddable":true,"href":"https:\/\/zonaroja.com.mx\/index.php?rest_route=%2Fwp%2Fv2%2Fcategories&post=3465"},{"taxonomy":"post_tag","embeddable":true,"href":"https:\/\/zonaroja.com.mx\/index.php?rest_route=%2Fwp%2Fv2%2Ftags&post=3465"}],"curies":[{"name":"wp","href":"https:\/\/api.w.org\/{rel}","templated":true}]}}