{"id":34653,"date":"2021-11-24T22:38:27","date_gmt":"2021-11-25T04:38:27","guid":{"rendered":"http:\/\/www.zonaroja.com.mx\/?p=34653"},"modified":"2021-11-24T22:38:39","modified_gmt":"2021-11-25T04:38:39","slug":"aprueba-65-legislatura-instalacion-de-las-comisiones-permanentes","status":"publish","type":"post","link":"https:\/\/zonaroja.com.mx\/?p=34653","title":{"rendered":"Aprueba 65 Legislatura instalaci\u00f3n de las Comisiones Permanentes"},"content":{"rendered":"\n<p>Redacci\u00f3n\/Zona Roja.<\/p>\n\n\n\n<p>Oaxaca de Ju\u00e1rez, Oax., 24 de noviembre de 2021.- El pleno de la 65 Legislatura aprob\u00f3 la integraci\u00f3n de las 35 Comisiones Permanentes que estudiar\u00e1n, resolver\u00e1n y dictaminar\u00e1n los asuntos que se generen durante los tres a\u00f1os de ejercicio legal en el Congreso oaxaque\u00f1o.<\/p>\n\n\n\n<p>Mediante un acuerdo parlamentario de congresistas integrantes de la Junta de Coordinaci\u00f3n Pol\u00edtica, se aprob\u00f3 la conformaci\u00f3n de las comisiones, as\u00ed como la designaci\u00f3n de las y los legisladores que presidir\u00e1n cada una.<\/p>\n\n\n\n<p>La Comisi\u00f3n de Administraci\u00f3n P\u00fablica,&nbsp; la presidir\u00e1 Nancy Natalia Ben\u00edtez Z\u00e1rate; Administraci\u00f3n y Procuraci\u00f3n de Justicia, Lizzet Arroyo; la de Agropecuaria, Forestal, Miner\u00eda y Pesca, ser\u00e1 dirigida por Ysabel&nbsp; Martina&nbsp; Herrera Molina; Agua y Saneamiento, por Eva Diego Cruz; Pueblos Ind\u00edgenas y Afromexicano,&nbsp; por Reyna Victoria Jim\u00e9nez Cervantes, y la Comisi\u00f3n de Cultura, Juventud y Cultura F\u00edsica y Deporte, por Samuel Gurri\u00f3n Mat\u00edas.<\/p>\n\n\n\n<p>Tambi\u00e9n, en la Comisi\u00f3n de Democracia y Participaci\u00f3n Ciudadana, ser\u00e1 presidenta Yesenia Nolasco Ramirez; en la de Derechos Humanos, Tania Caballero Navarro; en la de Desarrollo Econ\u00f3mico, Industrial, Comercial y Artesanal, Leticia Socorro Collado Soto, y la Comisi\u00f3n Bienestar y Fomento Cooperativo, ser\u00e1 presidida por Dennis Garc\u00eda Guti\u00e9rrez.<\/p>\n\n\n\n<p>En la comisi\u00f3n de Educaci\u00f3n, Ciencia, Tecnolog\u00eda e Innovaci\u00f3n, Juana Aguilar Espinoza ser\u00e1 quien encabece sus trabajos, en la de Estudios Constitucionales, ser\u00e1 Luisa Cortes Garc\u00eda; Jaime Santiago Ambrosio dirigir\u00e1 la de Fortalecimiento y Asuntos Municipales y Lizbeth Concha Ojeda la de Gobernaci\u00f3n y Asuntos Agrarios<\/p>\n\n\n\n<p>Mientras tanto, la Comisi\u00f3n de Grupos en Situaci\u00f3n de Vulnerabilidad, ser\u00e1 dirigida por X\u00f3chitl Jazm\u00edn Vel\u00e1zquez V\u00e1zquez; la de Hacienda, por Freddy Gil Pineda Gopar; la de Igualdad de G\u00e9nero, por&nbsp; Elvia Gabriela P\u00e9rez L\u00f3pez y la de Infraestructuras, Desarrollo Urbano y Ordenamiento Territorial, por Luis Alfonso Silva Romo.<\/p>\n\n\n\n<p>En la comisi\u00f3n Instructora, presidir\u00e1 los trabajos Minerva Leonor L\u00f3pez Calder\u00f3n; en la de Medio Ambiente, Energ\u00edas Renovables y Cambio Clim\u00e1tico, Melina Hern\u00e1ndez Sosa; en la de Movilidad, Comunicaciones y Transportes, Nicol\u00e1s Enrique Feria Romero; en la de Presupuesto y Programaci\u00f3n, Sergio L\u00f3pez S\u00e1nchez; en Protecci\u00f3n Civil, Horacio Sosa Villavicencio; en la de R\u00e9gimen, Reglamentos y Pr\u00e1cticas Parlamentarias, Sesul Bola\u00f1os L\u00f3pez y en la Comisi\u00f3n de Salud, Hayde\u00e9 Irma Reyes Soto.<\/p>\n\n\n\n<p>La Comisi\u00f3n de Seguridad y Protecci\u00f3n Ciudadana, estar\u00e1 a cargo de Mar\u00eda Luisa Matus Fuentes; la de Trabajo y Seguridad Social, de Adriana Altamirano Rosales; en la comisi\u00f3n de Transparencia, Acceso a la Informaci\u00f3n y Congreso, Abierto, fungir\u00e1 como presidente Leonardo D\u00edaz Jim\u00e9nez; en la Turismo, Luis Eduardo Rojas Zavaleta; en la de Vigilancia del \u00d3rgano Superior de Fiscalizaci\u00f3n del&nbsp; Estado, Luis Alberto Sosa Castillo y en la de Vigilancia del Sistema Estatal de Combate a la Corrupci\u00f3n, Miriam de los Angeles V\u00e1squez Ru\u00edz.<\/p>\n\n\n\n<p>La del Corredor Interoce\u00e1nico y Programas de Desarrollo Regional, ser\u00e1 encabezada por Rosalinda L\u00f3pez Garc\u00eda; la de Migraci\u00f3n y Asuntos Internacionales, por Concepci\u00f3n Rueda G\u00f3mez; la de Vigilancia y Seguimiento del Sistema Estatal de Planeaci\u00f3n, por C\u00e9sar David Mateos Ben\u00edtez y&nbsp; la de Vigilancia de la Deuda P\u00fablica del Estado, por Pablo D\u00edaz Jim\u00e9nez.<\/p>\n\n\n\n<p>Dichas comisiones tendr\u00e1n la tarea de convocar a sesiones ordinarias, extraordinarias y de trabajo, para supervisar, estudiar y dictaminar&nbsp; las iniciativas y puntos de acuerdo que deriven de su denominaci\u00f3n y las que correspondan dentro del \u00e1mbito de su competencia, como lo establece el reglamento Interior del Congreso del Estado Libre y Soberano de Oaxaca, a fin de cumplir con el trabajo Legislativo.<\/p>\n\n\n\n<p>REVISAN PAQUETE FISCAL<\/p>\n\n\n\n<p>Por otra parte, la 65 Legislatura del Congreso Local dio inicio con el estudio y an\u00e1lisis del paquete fiscal 2022, que entre otros temas contiene la propuesta del recurso p\u00fablico que el Gobierno del Estado tiene proyectado gastar para el a\u00f1o 2022.<\/p>\n\n\n\n<p>Durante la Sesi\u00f3n Ordinaria desarrollada este mi\u00e9rcoles, la Mesa Directiva inform\u00f3 al Pleno Parlamentario sobre la recepci\u00f3n de las iniciativas con Proyecto de Decreto de la Ley de Ingresos, del Presupuesto de Egresos, la Ley General de Ingresos Municipales y para la Distribuci\u00f3n de los Fondos que integran las participaciones de los Municipios del Estado de Oaxaca, por parte del titular del Poder Ejecutivo de la entidad.<\/p>\n\n\n\n<p>La mayor cantidad de dinero programado para gastar en el a\u00f1o 2022, entre otros rubros, es para el tema de ordenamiento territorial y urbano, con un monto mayor a los cuatro mil 429 millones de pesos; atenci\u00f3n m\u00e9dica, con un presupuesto superior a los nueve mil 902 millones; educaci\u00f3n b\u00e1sica incluyente, con m\u00e1s de 23 mil 608 millones de pesos y prevenci\u00f3n, seguridad y protecci\u00f3n p\u00fablica, con un recurso que rebasa los mil 252 millones de pesos.<\/p>\n\n\n\n<p>El paquete fiscal fue turnado a las Comisiones Permanentes de Presupuesto y Programaci\u00f3n y de Hacienda, para su an\u00e1lisis, debate y dictaminaci\u00f3n respectiva.<\/p>\n","protected":false},"excerpt":{"rendered":"<p>Redacci\u00f3n\/Zona Roja. Oaxaca de Ju\u00e1rez, Oax., 24 de noviembre de 2021.- El pleno de la&hellip;<\/p>\n","protected":false},"author":2,"featured_media":34654,"comment_status":"closed","ping_status":"open","sticky":false,"template":"","format":"standard","meta":{"_lmt_disableupdate":"","_lmt_disable":"","_jetpack_memberships_contains_paid_content":false,"footnotes":""},"categories":[109,47],"tags":[2743],"class_list":["post-34653","post","type-post","status-publish","format-standard","has-post-thumbnail","hentry","category-minuto-a-minuto","category-zona-gris","tag-65-legislatura-del-estado-de-oaxaca"],"jetpack_featured_media_url":"https:\/\/zonaroja.com.mx\/wp-content\/uploads\/2021\/11\/FOTO-En-sesion-ordinaria-65-Legislatura-recibe-propuesta-de-paquete-fiscal-2022-para-Oaxaca..jpg","jetpack_sharing_enabled":true,"_links":{"self":[{"href":"https:\/\/zonaroja.com.mx\/index.php?rest_route=\/wp\/v2\/posts\/34653","targetHints":{"allow":["GET"]}}],"collection":[{"href":"https:\/\/zonaroja.com.mx\/index.php?rest_route=\/wp\/v2\/posts"}],"about":[{"href":"https:\/\/zonaroja.com.mx\/index.php?rest_route=\/wp\/v2\/types\/post"}],"author":[{"embeddable":true,"href":"https:\/\/zonaroja.com.mx\/index.php?rest_route=\/wp\/v2\/users\/2"}],"replies":[{"embeddable":true,"href":"https:\/\/zonaroja.com.mx\/index.php?rest_route=%2Fwp%2Fv2%2Fcomments&post=34653"}],"version-history":[{"count":1,"href":"https:\/\/zonaroja.com.mx\/index.php?rest_route=\/wp\/v2\/posts\/34653\/revisions"}],"predecessor-version":[{"id":34655,"href":"https:\/\/zonaroja.com.mx\/index.php?rest_route=\/wp\/v2\/posts\/34653\/revisions\/34655"}],"wp:featuredmedia":[{"embeddable":true,"href":"https:\/\/zonaroja.com.mx\/index.php?rest_route=\/wp\/v2\/media\/34654"}],"wp:attachment":[{"href":"https:\/\/zonaroja.com.mx\/index.php?rest_route=%2Fwp%2Fv2%2Fmedia&parent=34653"}],"wp:term":[{"taxonomy":"category","embeddable":true,"href":"https:\/\/zonaroja.com.mx\/index.php?rest_route=%2Fwp%2Fv2%2Fcategories&post=34653"},{"taxonomy":"post_tag","embeddable":true,"href":"https:\/\/zonaroja.com.mx\/index.php?rest_route=%2Fwp%2Fv2%2Ftags&post=34653"}],"curies":[{"name":"wp","href":"https:\/\/api.w.org\/{rel}","templated":true}]}}