{"id":34679,"date":"2021-11-25T16:29:29","date_gmt":"2021-11-25T22:29:29","guid":{"rendered":"https:\/\/www.zonaroja.com.mx\/?p=34679"},"modified":"2021-11-25T16:29:32","modified_gmt":"2021-11-25T22:29:32","slug":"decretan-fin-a-veda-de-agua-para-comunidades-indigenas-de-oaxaca","status":"publish","type":"post","link":"https:\/\/zonaroja.com.mx\/?p=34679","title":{"rendered":"Decretan fin a veda de agua para comunidades ind\u00edgenas de Oaxaca"},"content":{"rendered":"\n<p>Yuridiana Sosa\/Zona Roja.<\/p>\n\n\n\n<p>Oaxaca de Ju\u00e1rez, Oax., 25 de noviembre de 2021.- Tras 16 a\u00f1os de lucha por el derecho y la defensa del agua para 16 comunidades de Oaxaca, los pobladores lograron que la veda para el uso del vital l\u00edquido para el campo concluye, lo que a su vez representa un hecho sin precedentes en M\u00e9xico.<\/p>\n\n\n\n<p>La Coordinadora de Pueblos Unidos en el Cuidado y Defensa del Agua (Copuda) anunci\u00f3 que este 24 de noviembre se public\u00f3 en el Diario Oficial de la Federaci\u00f3n el Decreto por el que se establece la zona reglamentada del acu\u00edfero 2025 de Valles Centrales del Estado de Oaxaca.<\/p>\n\n\n\n<p>Esta acci\u00f3n favorece a 16 comunidades del valle de Ocotl\u00e1n, Zimatl\u00e1n y Ejutla, en la regi\u00f3n de Valles Centrales, quienes tambi\u00e9n lograron que durante seis a\u00f1os se aplicara&nbsp;una consulta ind\u00edgena para dar fin a la veda indefinida para el alumbramiento de aguas del subsuelo.<\/p>\n\n\n\n<p>En conferencia de prensa realizada&nbsp;este en la capital,&nbsp;los defensores explicaron que el decreto, por ahora, solo favorecer\u00e1 al acceso del agua a los pueblos que emprendieron la lucha, sin embargo, esta acci\u00f3n abre la posibilidad para que otras comunidades inicien los tr\u00e1mites necesarios para gozar del agua.<\/p>\n\n\n\n<p>Con esta medida se establece una nueva relaci\u00f3n entre las comunidades ind\u00edgenas y autoridades para trabajar a favor de la conservaci\u00f3n de mantos acu\u00edferos y garantizar el vital l\u00edquido a futuras generaciones.<\/p>\n\n\n\n<p>Las Coordinadora detall\u00f3 que entre las acciones que este Decreto demanda, es que las autoridades otorgar\u00e1n a las comunidades t\u00edtulos de concesi\u00f3n comunitarias y ser\u00e1n regulados por un reglamento comunitario; las poblaciones, ahora responsables del uso del agua, continuar\u00e1n trabajando a favor del medio ambiente, como lo han hecho con la captaci\u00f3n de agua, reforestaci\u00f3n y agricultura org\u00e1nica.<\/p>\n\n\n\n<p>EL DECRETO<\/p>\n\n\n\n<p>El art\u00edculo 1 del Decreto , por parte de&nbsp; la Secretar\u00eda de Medio Ambiente y Recursos Naturales declara, indica que&nbsp; \u201cse establece zona reglamentada para la administraci\u00f3n, control&nbsp;de la extracci\u00f3n, explotaci\u00f3n, uso o aprovechamiento y conservaci\u00f3n de las aguas del subsuelo, sustentado&nbsp;en el reconocimiento al derecho humano al acceso, disposici\u00f3n y saneamiento de agua y respetando y&nbsp;armonizando los derechos al agua y sus recursos naturales, de las comunidades ind\u00edgenas Zapotecas \u2026( y menciona las 16 poblaciones)\u201d.<\/p>\n\n\n\n<p>\u201cEl r\u00e9gimen de zona reglamentada que se establece a trav\u00e9s de este Decreto tendr\u00e1 una vigencia de treinta&nbsp;a\u00f1os, contados a partir de la entrada en vigor del presente instrumento y podr\u00e1 modificarse o prorrogarse de&nbsp;subsistir las causas que le han dado origen\u201d.<\/p>\n\n\n\n<p>Mientras que el art\u00edculo 11, indica que la Comisi\u00f3n Nacional del Agua y las comunidades ind\u00edgenas establecer\u00e1n una relaci\u00f3n permanente que se regir\u00e1 por los principios de Libre determinaci\u00f3n y autonom\u00eda; Pluralismo jur\u00eddico, Interculturalidad, no discriminaci\u00f3n; Consulta y consentimiento libre, previo e informado y respeto y protecci\u00f3n de los conocimientos, innovaciones y pr\u00e1cticas tradicionales de las comunidades ind\u00edgenas.<\/p>\n","protected":false},"excerpt":{"rendered":"<p>Yuridiana Sosa\/Zona Roja. Oaxaca de Ju\u00e1rez, Oax., 25 de noviembre de 2021.- Tras 16 a\u00f1os&hellip;<\/p>\n","protected":false},"author":2,"featured_media":34678,"comment_status":"closed","ping_status":"open","sticky":false,"template":"","format":"standard","meta":{"_lmt_disableupdate":"","_lmt_disable":"","_jetpack_memberships_contains_paid_content":false,"footnotes":""},"categories":[109,46],"tags":[],"class_list":["post-34679","post","type-post","status-publish","format-standard","has-post-thumbnail","hentry","category-minuto-a-minuto","category-zona-blanca"],"jetpack_featured_media_url":"https:\/\/zonaroja.com.mx\/wp-content\/uploads\/2021\/11\/7bee8cdb-be16-46f3-bef2-2aab64a98797.jpg","jetpack_sharing_enabled":true,"_links":{"self":[{"href":"https:\/\/zonaroja.com.mx\/index.php?rest_route=\/wp\/v2\/posts\/34679","targetHints":{"allow":["GET"]}}],"collection":[{"href":"https:\/\/zonaroja.com.mx\/index.php?rest_route=\/wp\/v2\/posts"}],"about":[{"href":"https:\/\/zonaroja.com.mx\/index.php?rest_route=\/wp\/v2\/types\/post"}],"author":[{"embeddable":true,"href":"https:\/\/zonaroja.com.mx\/index.php?rest_route=\/wp\/v2\/users\/2"}],"replies":[{"embeddable":true,"href":"https:\/\/zonaroja.com.mx\/index.php?rest_route=%2Fwp%2Fv2%2Fcomments&post=34679"}],"version-history":[{"count":1,"href":"https:\/\/zonaroja.com.mx\/index.php?rest_route=\/wp\/v2\/posts\/34679\/revisions"}],"predecessor-version":[{"id":34680,"href":"https:\/\/zonaroja.com.mx\/index.php?rest_route=\/wp\/v2\/posts\/34679\/revisions\/34680"}],"wp:featuredmedia":[{"embeddable":true,"href":"https:\/\/zonaroja.com.mx\/index.php?rest_route=\/wp\/v2\/media\/34678"}],"wp:attachment":[{"href":"https:\/\/zonaroja.com.mx\/index.php?rest_route=%2Fwp%2Fv2%2Fmedia&parent=34679"}],"wp:term":[{"taxonomy":"category","embeddable":true,"href":"https:\/\/zonaroja.com.mx\/index.php?rest_route=%2Fwp%2Fv2%2Fcategories&post=34679"},{"taxonomy":"post_tag","embeddable":true,"href":"https:\/\/zonaroja.com.mx\/index.php?rest_route=%2Fwp%2Fv2%2Ftags&post=34679"}],"curies":[{"name":"wp","href":"https:\/\/api.w.org\/{rel}","templated":true}]}}