{"id":34683,"date":"2021-11-25T19:00:01","date_gmt":"2021-11-26T01:00:01","guid":{"rendered":"http:\/\/www.zonaroja.com.mx\/?p=34683"},"modified":"2021-11-25T19:00:06","modified_gmt":"2021-11-26T01:00:06","slug":"impunidad-sello-oficial-ante-la-violencia-contra-las-mujeres-en-oaxaca","status":"publish","type":"post","link":"https:\/\/zonaroja.com.mx\/?p=34683","title":{"rendered":"Impunidad, sello oficial ante la violencia contra las mujeres en Oaxaca"},"content":{"rendered":"\n<p>Yuridiana Sosa\/Zona Roja.<\/p>\n\n\n\n<p>Oaxaca de Ju\u00e1rez, Oax., 25 de noviembre de 2021.- Los sentimientos de decenas de mujeres de Oaxaca estallaron a flor de piel, al tiempo que se devel\u00f3 el denominado \u201cantimonumenta\u201d contra el feminicidio y la violencia de g\u00e9nero, en la explanada de la fuente de las Ocho Regiones, en la capital del estado.<\/p>\n\n\n\n<p>V\u00edctimas de la violencia de g\u00e9nero y madres, hijas, hermanas, amigas de otras mujeres asesinadas o desaparecidas se abrazaron, gritaron y reforzaron el lazo de la lucha que las unido sin conocerse en busca de verdad y justicia y en la cual han sido acompa\u00f1adas por a colectivos y asociaciones defensoras de derechos humanos.<\/p>\n\n\n\n<p>La actividad se desarroll\u00f3 para conmemorar el D\u00eda Internacional de la Eliminaci\u00f3n de la Violencia Contra la Mujer y recalcar las omisiones del gobierno de Oaxaca, tanto de las dependencias ejecutivas hasta las de justicia, para garantizar la integridad de las oaxaque\u00f1as y vivir libres de agresiones.<\/p>\n\n\n\n<figure class=\"wp-block-embed is-type-rich is-provider-twitter wp-block-embed-twitter\"><div class=\"wp-block-embed__wrapper\">\n<div class=\"twitter-tweet\"><blockquote class=\"twitter-tweet\" data-lang=\"es\"><p lang=\"es\" dir=\"ltr\"><a href=\"https:\/\/twitter.com\/hashtag\/ENVIVO?src=hash&amp;ref_src=twsrc%5Etfw\">#ENVIVO<\/a> <br>Oaxaca de Ju\u00e1rez, Oax., 25 de noviembre de 2021.- Conferencia de prensa de colectivos feministas y la organizaci\u00f3n <a href=\"https:\/\/twitter.com\/consorciooaxaca?ref_src=twsrc%5Etfw\">@consorciooaxaca<\/a>, en el marco del D\u00eda Internacional de la no Violencia contra la Mujer.<br><br>Aqu\u00ed la transmisi\u00f3n:<br>\ud83d\udc47<a href=\"https:\/\/t.co\/4gGUHtk3Hs\">https:\/\/t.co\/4gGUHtk3Hs<\/a> <a href=\"https:\/\/t.co\/SEAbsRewvJ\">pic.twitter.com\/SEAbsRewvJ<\/a><\/p>&mdash; Zona Roja Oaxaca (@Zona_Roja_Oax) <a href=\"https:\/\/twitter.com\/Zona_Roja_Oax\/status\/1463951450954997766?ref_src=twsrc%5Etfw\">25 de noviembre de 2021<\/a><\/blockquote><\/div>\n<\/div><\/figure>\n\n\n\n<p>\u201cNi una m\u00e1s\u201d, \u201cNi perd\u00f3n ni olvido\u201d, \u201cFue el Estado\u201d, son las frases que visten el monumento con el pu\u00f1o en alto. Es el \u201cantimonumenta\u201d, resultado de la inacci\u00f3n de las autoridades para permitir la cifra m\u00e1s alta en feminicidios en poco m\u00e1s de 20 a\u00f1os.<\/p>\n\n\n\n<p>Es ah\u00ed, en la fuente de las Ocho Regiones, donde por tres d\u00edas se realiz\u00f3 un campamento y mont\u00f3 un altar en memoria de las mujeres asesinadas en nuestra entidad, que se acuerdo al conteo de colectivos son 575 feminicidios y m\u00e1s de mil 400 desapariciones en lo que va del sexenio actual.<\/p>\n\n\n\n<p>Durante la actividad, organizada por varios colectivos, entre ellos Consorcio Oaxaca las defensoras y activistas lamentaron que Oaxaca se coloque en el cuarto lugar a nivel nacional por abuso sexual infantil, en que son los familiares los principales agresores y que este panorama sea m\u00e1s cr\u00edtico durante el confinamiento por la pandemia.<\/p>\n\n\n\n<p>Los grupos feministas advirtieron que no van a dejar de luchar por la justicia, por lograr la detenci\u00f3n de los asesinados y responsables de las agresiones y desapariciones a mujeres; para obtener sentencias condenatorias y que existan mejores condiciones para que las oaxaque\u00f1as puedan vivir sin temor a ser agredidas.<\/p>\n","protected":false},"excerpt":{"rendered":"<p>Yuridiana Sosa\/Zona Roja. Oaxaca de Ju\u00e1rez, Oax., 25 de noviembre de 2021.- Los sentimientos de&hellip;<\/p>\n","protected":false},"author":2,"featured_media":34684,"comment_status":"closed","ping_status":"open","sticky":false,"template":"","format":"standard","meta":{"_lmt_disableupdate":"","_lmt_disable":"","_jetpack_memberships_contains_paid_content":false,"footnotes":""},"categories":[109,47],"tags":[548],"class_list":["post-34683","post","type-post","status-publish","format-standard","has-post-thumbnail","hentry","category-minuto-a-minuto","category-zona-gris","tag-consorcio-oaxaca"],"jetpack_featured_media_url":"https:\/\/zonaroja.com.mx\/wp-content\/uploads\/2021\/11\/Antimonumenta-Oaxaca-feminicidios-violencia.jpg","jetpack_sharing_enabled":true,"_links":{"self":[{"href":"https:\/\/zonaroja.com.mx\/index.php?rest_route=\/wp\/v2\/posts\/34683","targetHints":{"allow":["GET"]}}],"collection":[{"href":"https:\/\/zonaroja.com.mx\/index.php?rest_route=\/wp\/v2\/posts"}],"about":[{"href":"https:\/\/zonaroja.com.mx\/index.php?rest_route=\/wp\/v2\/types\/post"}],"author":[{"embeddable":true,"href":"https:\/\/zonaroja.com.mx\/index.php?rest_route=\/wp\/v2\/users\/2"}],"replies":[{"embeddable":true,"href":"https:\/\/zonaroja.com.mx\/index.php?rest_route=%2Fwp%2Fv2%2Fcomments&post=34683"}],"version-history":[{"count":1,"href":"https:\/\/zonaroja.com.mx\/index.php?rest_route=\/wp\/v2\/posts\/34683\/revisions"}],"predecessor-version":[{"id":34685,"href":"https:\/\/zonaroja.com.mx\/index.php?rest_route=\/wp\/v2\/posts\/34683\/revisions\/34685"}],"wp:featuredmedia":[{"embeddable":true,"href":"https:\/\/zonaroja.com.mx\/index.php?rest_route=\/wp\/v2\/media\/34684"}],"wp:attachment":[{"href":"https:\/\/zonaroja.com.mx\/index.php?rest_route=%2Fwp%2Fv2%2Fmedia&parent=34683"}],"wp:term":[{"taxonomy":"category","embeddable":true,"href":"https:\/\/zonaroja.com.mx\/index.php?rest_route=%2Fwp%2Fv2%2Fcategories&post=34683"},{"taxonomy":"post_tag","embeddable":true,"href":"https:\/\/zonaroja.com.mx\/index.php?rest_route=%2Fwp%2Fv2%2Ftags&post=34683"}],"curies":[{"name":"wp","href":"https:\/\/api.w.org\/{rel}","templated":true}]}}