{"id":34690,"date":"2021-11-25T21:33:53","date_gmt":"2021-11-26T03:33:53","guid":{"rendered":"http:\/\/www.zonaroja.com.mx\/?p=34690"},"modified":"2021-11-25T21:33:57","modified_gmt":"2021-11-26T03:33:57","slug":"denuncian-incremento-de-violencia-politica-contra-senadora-susana-harp","status":"publish","type":"post","link":"https:\/\/zonaroja.com.mx\/?p=34690","title":{"rendered":"Denuncian incremento de violencia pol\u00edtica contra senadora Susana Harp"},"content":{"rendered":"\n<p>Redacci\u00f3n\/Zona Roja.<\/p>\n\n\n\n<p>Oaxaca de Ju\u00e1rez, Oax., 25 de noviembre de 2021.- La senadora Susana Harp Iturribarr\u00eda denunci\u00f3 que se han incrementado los actos de violencia pol\u00edtica en su contra, en el marco de la contienda interna de las y los aspirantes a ser candidatos a la gubernatura de Oaxaca por el partido Morena.<\/p>\n\n\n\n<p>Lo anterior, al dar a conocer que por segunda ocasi\u00f3n le fue \u201chackeada\u201d su cuenta de WhatsApp la ma\u00f1ana de este jueves 25 de noviembre.<\/p>\n\n\n\n<p>Hecho al que se suman los ataques en p\u00e1ginas de redes sociales, principalmente en Facebook, denunciados recientemente por activistas feministas en las que se agrede directamente a su persona.<\/p>\n\n\n\n<figure class=\"wp-block-embed is-type-rich is-provider-twitter wp-block-embed-twitter\"><div class=\"wp-block-embed__wrapper\">\n<div class=\"twitter-tweet\"><blockquote class=\"twitter-tweet\" data-lang=\"es\"><p lang=\"es\" dir=\"ltr\">Nuevamente mi WhatsApp ha sido hackeado con todo y que contaba con la verificaci\u00f3n de dos pasos. Por favor no hagan caso de ning\u00fan tipo de mensaje y me disculpo con todas las personas a las que no podr\u00e9 responder. <a href=\"https:\/\/t.co\/Lw1hNHsegz\">pic.twitter.com\/Lw1hNHsegz<\/a><\/p>&mdash; Susana Harp Iturribarr\u00eda (@SusanaHarp) <a href=\"https:\/\/twitter.com\/SusanaHarp\/status\/1463874776305442819?ref_src=twsrc%5Etfw\">25 de noviembre de 2021<\/a><\/blockquote><\/div>\n<\/div><\/figure>\n\n\n\n<p>La congresista indic\u00f3 que es muy triste que se recurra a la guerra sucia. Sin embargo, dijo que no se prestar\u00e1 a ese juego.<\/p>\n\n\n\n<p>\u201cLo digo muy en paz, voy a seguir trabajando, me defender\u00e9, si es necesario, porque en efecto, ya es muy fuerte el sentimiento en mi contra\u201d expres\u00f3.<\/p>\n\n\n\n<p>Harp Iturribarr\u00eda calific\u00f3 como &#8216;terrible&#8217; el hecho de que la discusi\u00f3n no pueda subir de nivel y no puedan mostrar a la ciudadan\u00eda proyectos claros.<\/p>\n\n\n\n<p>\u00abLa contienda de Morena tendr\u00eda que ser una contienda limpia, sana, respetando los principios m\u00e1ximos de Morena que son: no mentir, no robar y no traicionar al pueblo\u00bb apunt\u00f3.<\/p>\n","protected":false},"excerpt":{"rendered":"<p>Redacci\u00f3n\/Zona Roja. Oaxaca de Ju\u00e1rez, Oax., 25 de noviembre de 2021.- La senadora Susana Harp&hellip;<\/p>\n","protected":false},"author":2,"featured_media":34691,"comment_status":"closed","ping_status":"open","sticky":false,"template":"","format":"standard","meta":{"_lmt_disableupdate":"","_lmt_disable":"","_jetpack_memberships_contains_paid_content":false,"footnotes":""},"categories":[109,47],"tags":[1685],"class_list":["post-34690","post","type-post","status-publish","format-standard","has-post-thumbnail","hentry","category-minuto-a-minuto","category-zona-gris","tag-susana-harp-iturribarria"],"jetpack_featured_media_url":"https:\/\/zonaroja.com.mx\/wp-content\/uploads\/2021\/11\/Susana-Harp-I-1.jpg","jetpack_sharing_enabled":true,"_links":{"self":[{"href":"https:\/\/zonaroja.com.mx\/index.php?rest_route=\/wp\/v2\/posts\/34690","targetHints":{"allow":["GET"]}}],"collection":[{"href":"https:\/\/zonaroja.com.mx\/index.php?rest_route=\/wp\/v2\/posts"}],"about":[{"href":"https:\/\/zonaroja.com.mx\/index.php?rest_route=\/wp\/v2\/types\/post"}],"author":[{"embeddable":true,"href":"https:\/\/zonaroja.com.mx\/index.php?rest_route=\/wp\/v2\/users\/2"}],"replies":[{"embeddable":true,"href":"https:\/\/zonaroja.com.mx\/index.php?rest_route=%2Fwp%2Fv2%2Fcomments&post=34690"}],"version-history":[{"count":1,"href":"https:\/\/zonaroja.com.mx\/index.php?rest_route=\/wp\/v2\/posts\/34690\/revisions"}],"predecessor-version":[{"id":34692,"href":"https:\/\/zonaroja.com.mx\/index.php?rest_route=\/wp\/v2\/posts\/34690\/revisions\/34692"}],"wp:featuredmedia":[{"embeddable":true,"href":"https:\/\/zonaroja.com.mx\/index.php?rest_route=\/wp\/v2\/media\/34691"}],"wp:attachment":[{"href":"https:\/\/zonaroja.com.mx\/index.php?rest_route=%2Fwp%2Fv2%2Fmedia&parent=34690"}],"wp:term":[{"taxonomy":"category","embeddable":true,"href":"https:\/\/zonaroja.com.mx\/index.php?rest_route=%2Fwp%2Fv2%2Fcategories&post=34690"},{"taxonomy":"post_tag","embeddable":true,"href":"https:\/\/zonaroja.com.mx\/index.php?rest_route=%2Fwp%2Fv2%2Ftags&post=34690"}],"curies":[{"name":"wp","href":"https:\/\/api.w.org\/{rel}","templated":true}]}}