{"id":34693,"date":"2021-11-25T22:07:59","date_gmt":"2021-11-26T04:07:59","guid":{"rendered":"http:\/\/www.zonaroja.com.mx\/?p=34693"},"modified":"2021-11-25T22:08:02","modified_gmt":"2021-11-26T04:08:02","slug":"pobladores-de-santa-cruz-mataron-a-campesino-santiago-mitlatongo","status":"publish","type":"post","link":"https:\/\/zonaroja.com.mx\/?p=34693","title":{"rendered":"Pobladores de Santa Cruz mataron a campesino: Santiago Mitlatongo"},"content":{"rendered":"\n<p>Ismael Garc\u00eda M.\/Zona Roja.<\/p>\n\n\n\n<p>Oaxaca de Ju\u00e1rez, Oax., 25 de noviembre de 2021.- Autoridades agrarias Santiago Mitlatongo denunciaron que fueron pobladores de Santa Cruz Mitlatongo quienes asesinaron el pasado lunes a una persona de esta \u00faltima comunidad.<\/p>\n\n\n\n<p>Y es que al inicio de esta semana, Santa Cruz denunci\u00f3 lo contrario y se\u00f1al\u00f3 que fueron sus vecinos los que cometieron el homicidio.<\/p>\n\n\n\n<p>\u201cEra Vicente Olegario Bautista Santiago mi ciudadano, \u00e9l ostentaba el cargo de jefe de vigilancia que nombra la asamblea de mi pueblo, para resguardar el territorio de mi comunidad\u201d, precis\u00f3 Constantino L\u00f3pez Ben\u00edtez, representante propietario de Bienes Comunales.<\/p>\n\n\n\n<p>&#8211;\u00bfQui\u00e9n habr\u00e1 sido el culpable entonces?<\/p>\n\n\n\n<p>&#8211;Santa Cruz. Y se meti\u00f3 en territorio de Santiago Mitlatongo.<\/p>\n\n\n\n<p>&#8211;\u00bfArrib\u00f3 alguna corporaci\u00f3n como la Guardia Nacional a hacer alg\u00fan recorrido?<\/p>\n\n\n\n<p>&#8211;No. El d\u00eda 27 de octubre tuvimos una mesa de trabajo y el licenciado Rodrigo Mart\u00edn Santos, de Bienestar, dijo que a partir de esta semana iba a estar tendo la Guardia Nacional cada tercer d\u00eda dando sus rondines y es la hora que no ha llegado.<\/p>\n\n\n\n<figure class=\"wp-block-embed is-type-rich is-provider-twitter wp-block-embed-twitter\"><div class=\"wp-block-embed__wrapper\">\n<div class=\"twitter-tweet\"><blockquote class=\"twitter-tweet\" data-lang=\"es\"><p lang=\"es\" dir=\"ltr\"><a href=\"https:\/\/twitter.com\/hashtag\/ENVIVO?src=hash&amp;ref_src=twsrc%5Etfw\">#ENVIVO<\/a> <br>Oaxaca de Ju\u00e1rez, Oax., 25 de noviembre de 2021.- Conferencia de prensa de autoridades comunales de Santiago <a href=\"https:\/\/twitter.com\/hashtag\/Mitlatongo?src=hash&amp;ref_src=twsrc%5Etfw\">#Mitlatongo<\/a>, Nochixtl\u00e1n. Denuncian que fue Santa Cruz el que atac\u00f3 y asesin\u00f3 a un individuo, el pasado lunes. <a href=\"https:\/\/t.co\/HKL8WOYFUC\">pic.twitter.com\/HKL8WOYFUC<\/a><\/p>&mdash; Zona Roja Oaxaca (@Zona_Roja_Oax) <a href=\"https:\/\/twitter.com\/Zona_Roja_Oax\/status\/1463976529642369024?ref_src=twsrc%5Etfw\">25 de noviembre de 2021<\/a><\/blockquote><\/div>\n<\/div><\/figure>\n\n\n\n<p>En conferencia de prensa en el z\u00f3calo de la ciudad de Oaxaca, las autoridades agrarias se\u00f1alaron que les asiste la raz\u00f3n jur\u00eddica en cuanto a las mil 188 hect\u00e1reas que les disputa Santa Cruz Mitlatongo; sin embargo, expuso, cuentan con documentos que avala a Santiago las tierras.<\/p>\n\n\n\n<p>Indicaron que el 22 de junio determin\u00f3 que se reinici\u00f3 el proceso ante autoridades federales agrarias, y hasta el momento no hay soluci\u00f3n definitiva.<\/p>\n\n\n\n<p>Informaron que tan s\u00f3lo en lo que van de este a\u00f1o van tres ocasiones en que han sido agredidos a balazos; el 26 de agosto ocurri\u00f3 otro hecho, en que en una emboscada mataron a Eduardo Ben\u00edtez Ben\u00edtez.<\/p>\n\n\n\n<p>Demandaron al Gobierno del Estado y al Gobierno de la Rep\u00fablica para que atiendan a la brevedad la problem\u00e1tica, con la finalidad de evitar m\u00e1s derramamiento de sangre.<\/p>\n\n\n\n<p>&#8211;No puede haber abrazos, ante los balazos.<\/p>\n\n\n\n<p>&#8211;No. No puede haber abrazos ante los balazos. <\/p>\n","protected":false},"excerpt":{"rendered":"<p>Ismael Garc\u00eda M.\/Zona Roja. Oaxaca de Ju\u00e1rez, Oax., 25 de noviembre de 2021.- Autoridades agrarias&hellip;<\/p>\n","protected":false},"author":2,"featured_media":34694,"comment_status":"closed","ping_status":"open","sticky":false,"template":"","format":"standard","meta":{"_lmt_disableupdate":"","_lmt_disable":"","_jetpack_memberships_contains_paid_content":false,"footnotes":""},"categories":[109,47],"tags":[1666],"class_list":["post-34693","post","type-post","status-publish","format-standard","has-post-thumbnail","hentry","category-minuto-a-minuto","category-zona-gris","tag-santiago-mitlatongo"],"jetpack_featured_media_url":"https:\/\/zonaroja.com.mx\/wp-content\/uploads\/2021\/11\/Conferencia-Santiago-Mitlatongo.jpg","jetpack_sharing_enabled":true,"_links":{"self":[{"href":"https:\/\/zonaroja.com.mx\/index.php?rest_route=\/wp\/v2\/posts\/34693","targetHints":{"allow":["GET"]}}],"collection":[{"href":"https:\/\/zonaroja.com.mx\/index.php?rest_route=\/wp\/v2\/posts"}],"about":[{"href":"https:\/\/zonaroja.com.mx\/index.php?rest_route=\/wp\/v2\/types\/post"}],"author":[{"embeddable":true,"href":"https:\/\/zonaroja.com.mx\/index.php?rest_route=\/wp\/v2\/users\/2"}],"replies":[{"embeddable":true,"href":"https:\/\/zonaroja.com.mx\/index.php?rest_route=%2Fwp%2Fv2%2Fcomments&post=34693"}],"version-history":[{"count":1,"href":"https:\/\/zonaroja.com.mx\/index.php?rest_route=\/wp\/v2\/posts\/34693\/revisions"}],"predecessor-version":[{"id":34695,"href":"https:\/\/zonaroja.com.mx\/index.php?rest_route=\/wp\/v2\/posts\/34693\/revisions\/34695"}],"wp:featuredmedia":[{"embeddable":true,"href":"https:\/\/zonaroja.com.mx\/index.php?rest_route=\/wp\/v2\/media\/34694"}],"wp:attachment":[{"href":"https:\/\/zonaroja.com.mx\/index.php?rest_route=%2Fwp%2Fv2%2Fmedia&parent=34693"}],"wp:term":[{"taxonomy":"category","embeddable":true,"href":"https:\/\/zonaroja.com.mx\/index.php?rest_route=%2Fwp%2Fv2%2Fcategories&post=34693"},{"taxonomy":"post_tag","embeddable":true,"href":"https:\/\/zonaroja.com.mx\/index.php?rest_route=%2Fwp%2Fv2%2Ftags&post=34693"}],"curies":[{"name":"wp","href":"https:\/\/api.w.org\/{rel}","templated":true}]}}