{"id":34696,"date":"2021-11-25T22:14:12","date_gmt":"2021-11-26T04:14:12","guid":{"rendered":"http:\/\/www.zonaroja.com.mx\/?p=34696"},"modified":"2021-11-25T22:14:16","modified_gmt":"2021-11-26T04:14:16","slug":"jueves-de-covid-en-oaxaca-105-contagios-y-2-decesos-hay-246-casos-activos","status":"publish","type":"post","link":"https:\/\/zonaroja.com.mx\/?p=34696","title":{"rendered":"Jueves de Covid en Oaxaca: 105 contagios y 2 decesos; hay 246 casos activos"},"content":{"rendered":"\n<p>Redacci\u00f3n\/Zona Roja.<\/p>\n\n\n\n<p>Oaxaca de Ju\u00e1rez, Oax., 25 de noviembre de 2021.- Los Servicios de Salud de Oaxaca (SSO) reiteraron nuevamente a la poblaci\u00f3n a priorizar los cuidados para prevenir el contagio del Covid-19, a fin de frenar la circulaci\u00f3n del virus, luego que este 25 de noviembre se reportaran 105 personas positivas a la enfermedad, con esta nueva cifra la entidad alcanz\u00f3 los 82 mil 997 casos acumulados de coronavirus.<\/p>\n\n\n\n<p>En el Comunicado T\u00e9cnico Diario con corte de este jueves, la instituci\u00f3n se\u00f1ala que en las \u00faltimas 24 horas se notificaron dos defunciones m\u00e1s, para un total de cinco mil 579 decesos desde el inicio de la emergencia sanitaria.<\/p>\n\n\n\n<p>As\u00ed tambi\u00e9n la cantidad de casos activos se elev\u00f3 a 246, con presencia en 62 municipios, 166 corresponden a Valles Centrales, 20 al Istmo, 16 a Tuxtepec, 24 a la Costa, 11 a la Mixteca y nueve a la Sierra.<\/p>\n\n\n\n<p>Cabe se\u00f1alar que los 105 casos nuevos, afectan a 38 municipios, siendo el de mayor n\u00famero Oaxaca de Ju\u00e1rez tras registrar este d\u00eda 24 confirmados, seguido de San Juan Bautista Tuxtepec con 14, as\u00ed como Cuil\u00e1pam de Guerrero y Santiago Suchilquitongo con seis cada uno, adem\u00e1s de la Heroica Ciudad de Juchit\u00e1n de Zaragoza con cinco e igual n\u00famero Santa Cruz Xoxocotl\u00e1n, el resto cuatro, tres, dos y un caso.<\/p>\n\n\n\n<figure class=\"wp-block-embed is-type-rich is-provider-twitter wp-block-embed-twitter\"><div class=\"wp-block-embed__wrapper\">\n<div class=\"twitter-tweet\"><blockquote class=\"twitter-tweet\" data-lang=\"es\"><p lang=\"es\" dir=\"ltr\"><a href=\"https:\/\/twitter.com\/hashtag\/%C3%9AltimoMinuto?src=hash&amp;ref_src=twsrc%5Etfw\">#\u00daltimoMinuto<\/a> <br>Este jueves <a href=\"https:\/\/twitter.com\/hashtag\/Oaxaca?src=hash&amp;ref_src=twsrc%5Etfw\">#Oaxaca<\/a> registr\u00f3 105 casos positivos a Covid y 2 decesos. <br>Las cifras alcanzan 82 mil 997 casos confirmados y 5 mil 579 decesos, informan los <a href=\"https:\/\/twitter.com\/SSO_GobOax?ref_src=twsrc%5Etfw\">@SSO_GobOax<\/a>.<br>Hay 4 hospitales llenos y la ocupaci\u00f3n hospitalaria promedio es de 24.6%. <a href=\"https:\/\/t.co\/ljdQm0kCHo\">pic.twitter.com\/ljdQm0kCHo<\/a><\/p>&mdash; Zona Roja Oaxaca (@Zona_Roja_Oax) <a href=\"https:\/\/twitter.com\/Zona_Roja_Oax\/status\/1464060165922205698?ref_src=twsrc%5Etfw\">26 de noviembre de 2021<\/a><\/blockquote><\/div>\n<\/div><\/figure>\n\n\n\n<p>En relaci\u00f3n al panorama Jurisdiccional, Valles Centrales acumula un global de 50 mil 414 casos confirmados y dos mil 474 defunciones, Istmo 11 mil 776 confirmados y mil 197 defunciones, Tuxtepec cinco mil 604 confirmados y 556 defunciones, Costa cinco mil 841 confirmados y 469 defunciones, Mixteca seis mil 426 confirmados y 571 defunciones, Sierra dos mil 936 confirmados y 312 defunciones.<\/p>\n\n\n\n<p>Para la actualizaci\u00f3n de datos de este d\u00eda se tiene el reporte de cuatro hospitales al 100% de ocupaci\u00f3n, tambi\u00e9n dos personas ingresaron durante las \u00faltimas 24 horas a la red m\u00e9dica por complicaciones derivadas a la patolog\u00eda, lo que hace que la saturaci\u00f3n hospitalaria sea del 24.6% de manera general, toda vez que, de las 431 camas destinadas para atender a pacientes con esta infecci\u00f3n, hay disponibles 325.<\/p>\n\n\n\n<p>En relaci\u00f3n a las camas ocupadas por demarcaci\u00f3n, la de mayor servicio es en la zona de la Mixteca con un 42.9%, seguido de Tuxtepec con 35.3%, Valles Centrales con 23.7%, Istmo con 21.7%, Costa 20% y Sierra 0%. La instituci\u00f3n exhorta a las familias oaxaque\u00f1as a evitar aglomeraciones, as\u00ed como usar correctamente el cubrebocas y lavarse constantemente las manos.<\/p>\n","protected":false},"excerpt":{"rendered":"<p>Redacci\u00f3n\/Zona Roja. Oaxaca de Ju\u00e1rez, Oax., 25 de noviembre de 2021.- Los Servicios de Salud&hellip;<\/p>\n","protected":false},"author":2,"featured_media":34697,"comment_status":"closed","ping_status":"open","sticky":false,"template":"","format":"standard","meta":{"_lmt_disableupdate":"","_lmt_disable":"","_jetpack_memberships_contains_paid_content":false,"footnotes":""},"categories":[109,47],"tags":[1512],"class_list":["post-34696","post","type-post","status-publish","format-standard","has-post-thumbnail","hentry","category-minuto-a-minuto","category-zona-gris","tag-coronavirus-oaxaca"],"jetpack_featured_media_url":"https:\/\/zonaroja.com.mx\/wp-content\/uploads\/2021\/11\/25-de-noviembre-de-2021.-Comunicado-Te\u0301cnico-COVID-19.jpg","jetpack_sharing_enabled":true,"_links":{"self":[{"href":"https:\/\/zonaroja.com.mx\/index.php?rest_route=\/wp\/v2\/posts\/34696","targetHints":{"allow":["GET"]}}],"collection":[{"href":"https:\/\/zonaroja.com.mx\/index.php?rest_route=\/wp\/v2\/posts"}],"about":[{"href":"https:\/\/zonaroja.com.mx\/index.php?rest_route=\/wp\/v2\/types\/post"}],"author":[{"embeddable":true,"href":"https:\/\/zonaroja.com.mx\/index.php?rest_route=\/wp\/v2\/users\/2"}],"replies":[{"embeddable":true,"href":"https:\/\/zonaroja.com.mx\/index.php?rest_route=%2Fwp%2Fv2%2Fcomments&post=34696"}],"version-history":[{"count":1,"href":"https:\/\/zonaroja.com.mx\/index.php?rest_route=\/wp\/v2\/posts\/34696\/revisions"}],"predecessor-version":[{"id":34698,"href":"https:\/\/zonaroja.com.mx\/index.php?rest_route=\/wp\/v2\/posts\/34696\/revisions\/34698"}],"wp:featuredmedia":[{"embeddable":true,"href":"https:\/\/zonaroja.com.mx\/index.php?rest_route=\/wp\/v2\/media\/34697"}],"wp:attachment":[{"href":"https:\/\/zonaroja.com.mx\/index.php?rest_route=%2Fwp%2Fv2%2Fmedia&parent=34696"}],"wp:term":[{"taxonomy":"category","embeddable":true,"href":"https:\/\/zonaroja.com.mx\/index.php?rest_route=%2Fwp%2Fv2%2Fcategories&post=34696"},{"taxonomy":"post_tag","embeddable":true,"href":"https:\/\/zonaroja.com.mx\/index.php?rest_route=%2Fwp%2Fv2%2Ftags&post=34696"}],"curies":[{"name":"wp","href":"https:\/\/api.w.org\/{rel}","templated":true}]}}