{"id":34699,"date":"2021-11-26T07:36:29","date_gmt":"2021-11-26T13:36:29","guid":{"rendered":"http:\/\/www.zonaroja.com.mx\/?p=34699"},"modified":"2021-11-26T07:36:33","modified_gmt":"2021-11-26T13:36:33","slug":"refuerzan-operativos-de-seguridad-en-oaxaca-capital-y-regiones","status":"publish","type":"post","link":"https:\/\/zonaroja.com.mx\/?p=34699","title":{"rendered":"Refuerzan operativos de seguridad en Oaxaca capital y regiones"},"content":{"rendered":"\n<p>Redacci\u00f3n\/Zona Roja.<\/p>\n\n\n\n<p>Oaxaca de Ju\u00e1rez, Oax., 26 de noviembre de 2021.- Coordinados por la Secretar\u00eda de Seguridad P\u00fablica de Oaxaca (SSPO), corporaciones policiacas de los tres niveles de gobierno reforzaron la seguridad en la capital y el interior del estado.<\/p>\n\n\n\n<p>Anoche, elementos de la Polic\u00eda Estatal, polic\u00eda municipal, Ej\u00e9rcito Mexicano, entre otros, efectuaron recorridos y revisiones en interior y exterior de centros nocturnos de la ciudad y zona conurbada; adem\u00e1s, prev\u00e9n reanudar hoy el esquema de alcohol\u00edmetro.<\/p>\n\n\n\n<p>La SSPO inform\u00f3 que contin\u00faan con los operativos de seguridad para prevenir hechos delictivos en la regi\u00f3n de la Costa.<\/p>\n\n\n\n<p>El operativo se lleva a cabo para inhibir la incidencia delictiva y mantener el orden y la paz social en la zona.<\/p>\n\n\n\n<p>Para ello realiza recorridos de disuasi\u00f3n, seguridad y vigilancia en la zona costera de Oaxaca en coordinaci\u00f3n con los tres \u00f3rdenes de gobierno.<\/p>\n\n\n\n<p>Asimismo, participan de elementos de la Polic\u00eda Estatal, Polic\u00eda Vial del Estado, Fiscal\u00eda General del Estado de Oaxaca (FEGEO), Guardia Nacional y Secretar\u00eda de la Defensa Nacional (Sedena).<\/p>\n\n\n\n<p>En el caso de la Costa, el titular de la SSPO, Heliodoro D\u00edaz Esc\u00e1rraga, se\u00f1al\u00f3 el operativo denominado \u201cDorado\u201d abarca la parte costera que comprende desde Pinotepa Nacional l\u00edmite con el estado de Guerrero, el tramo de Jamiltepec, San Pedro Pochutla, hasta Santa Cruz Huatulco.<\/p>\n","protected":false},"excerpt":{"rendered":"<p>Redacci\u00f3n\/Zona Roja. Oaxaca de Ju\u00e1rez, Oax., 26 de noviembre de 2021.- Coordinados por la Secretar\u00eda&hellip;<\/p>\n","protected":false},"author":2,"featured_media":34700,"comment_status":"closed","ping_status":"open","sticky":false,"template":"","format":"standard","meta":{"_lmt_disableupdate":"","_lmt_disable":"","_jetpack_memberships_contains_paid_content":false,"footnotes":""},"categories":[109,46],"tags":[1421],"class_list":["post-34699","post","type-post","status-publish","format-standard","has-post-thumbnail","hentry","category-minuto-a-minuto","category-zona-blanca","tag-secretaria-de-seguridad-publica-de-oaxaca-sspo"],"jetpack_featured_media_url":"https:\/\/zonaroja.com.mx\/wp-content\/uploads\/2021\/11\/Operativos-policia-SSPO.jpg","jetpack_sharing_enabled":true,"_links":{"self":[{"href":"https:\/\/zonaroja.com.mx\/index.php?rest_route=\/wp\/v2\/posts\/34699","targetHints":{"allow":["GET"]}}],"collection":[{"href":"https:\/\/zonaroja.com.mx\/index.php?rest_route=\/wp\/v2\/posts"}],"about":[{"href":"https:\/\/zonaroja.com.mx\/index.php?rest_route=\/wp\/v2\/types\/post"}],"author":[{"embeddable":true,"href":"https:\/\/zonaroja.com.mx\/index.php?rest_route=\/wp\/v2\/users\/2"}],"replies":[{"embeddable":true,"href":"https:\/\/zonaroja.com.mx\/index.php?rest_route=%2Fwp%2Fv2%2Fcomments&post=34699"}],"version-history":[{"count":1,"href":"https:\/\/zonaroja.com.mx\/index.php?rest_route=\/wp\/v2\/posts\/34699\/revisions"}],"predecessor-version":[{"id":34701,"href":"https:\/\/zonaroja.com.mx\/index.php?rest_route=\/wp\/v2\/posts\/34699\/revisions\/34701"}],"wp:featuredmedia":[{"embeddable":true,"href":"https:\/\/zonaroja.com.mx\/index.php?rest_route=\/wp\/v2\/media\/34700"}],"wp:attachment":[{"href":"https:\/\/zonaroja.com.mx\/index.php?rest_route=%2Fwp%2Fv2%2Fmedia&parent=34699"}],"wp:term":[{"taxonomy":"category","embeddable":true,"href":"https:\/\/zonaroja.com.mx\/index.php?rest_route=%2Fwp%2Fv2%2Fcategories&post=34699"},{"taxonomy":"post_tag","embeddable":true,"href":"https:\/\/zonaroja.com.mx\/index.php?rest_route=%2Fwp%2Fv2%2Ftags&post=34699"}],"curies":[{"name":"wp","href":"https:\/\/api.w.org\/{rel}","templated":true}]}}