{"id":34702,"date":"2021-11-26T08:23:31","date_gmt":"2021-11-26T14:23:31","guid":{"rendered":"http:\/\/www.zonaroja.com.mx\/?p=34702"},"modified":"2021-11-26T08:23:34","modified_gmt":"2021-11-26T14:23:34","slug":"politizan-morena-y-pan-agresion-a-saxofonista-maria-elena","status":"publish","type":"post","link":"https:\/\/zonaroja.com.mx\/?p=34702","title":{"rendered":"Politizan Morena y PAN agresi\u00f3n a saxofonista Mar\u00eda Elena"},"content":{"rendered":"\n<p>Redacci\u00f3n\/Zona Roja.<\/p>\n\n\n\n<p>Oaxaca de Ju\u00e1rez, Oax., 26 de noviembre de 2021.- En el marco del D\u00eda Internacional de la Eliminaci\u00f3n de la Violencia contra la Mujer, la saxofonista Mar\u00eda Elena R\u00edos acudi\u00f3 a la sede del Senado de la Rep\u00fablica para exponer su caso.<\/p>\n\n\n\n<p>En conferencia de prensa organizada por Kenia L\u00f3pez Rabad\u00e1n, legisladora del PAN, y respaldada por el senador de Morena, Salom\u00f3n Jara Cruz, la joven insisti\u00f3 en la impunidad que la Fiscal\u00eda General del Estado de Oaxaca mantiene.<\/p>\n\n\n\n<p>En su mensaje, la joven originaria de Santo Domingo Tonal\u00e1, en la regi\u00f3n Mixteca de Oaxaca, critic\u00f3 tambi\u00e9n la omisi\u00f3n de representantes populares:<\/p>\n\n\n\n<p>\u201cLlevo en mi memoria mujeres, mismas que tuvieron un cargo p\u00fablico con la posibilidad de por lo menos pronunciarse por lo que me hicieron, como senadoras, como m\u00fasicas, cantantes, como servidoras o simplemente como paisanas, mismas que el d\u00eda de hoy buscan escalonar m\u00e1s alto para prolongar el poder de los hombres que se encuentran detr\u00e1s de ellas\u2026<\/p>\n\n\n\n<p>\u201cLa paridad no ha garantizado erradicar la subordinaci\u00f3n que existe con fuerza en las legislaciones y representaciones populares; nunca se me olvidar\u00e1 cuando una legisladora paisana m\u00eda &#8211;se infiere que de la Mixteca&#8211; cuando mi hermana le pidi\u00f3 ayuda para trasladarme a un hospital de aqu\u00ed de la ciudad, le contest\u00f3 \u00bfqu\u00e9, y sabes cu\u00e1nto cuesta una torta de ese hospital?, y hoy quiere ser gobernadora de mi estado\u201d.<\/p>\n\n\n\n<p>No obstante, la saxofonista no dio el nombre de la legisladora que le habr\u00eda negado la ayuda. Ante la politizaci\u00f3n del caso, esta ma\u00f1ana, en un mensaje v\u00eda Twitter, Mar\u00eda Elena R\u00edos escribi\u00f3:<\/p>\n\n\n\n<p>\u201cEs impresionante que reduzcan y ofendan mi inteligencia al tildar de \u2018pol\u00edtico\u2019 un proceso doloroso de mi vida. Yo siempre me conduzco con verdad porque as\u00ed soy y ser\u00e9. Soy aut\u00f3noma, mi ning\u00fan personaje pol\u00edtico apadrina el uso de mi palabra\u201d.<\/p>\n\n\n\n<figure class=\"wp-block-embed is-type-rich is-provider-twitter wp-block-embed-twitter\"><div class=\"wp-block-embed__wrapper\">\n<div class=\"twitter-tweet\"><blockquote class=\"twitter-tweet\" data-lang=\"es\"><p lang=\"es\" dir=\"ltr\">\ud83d\udccc Es impresionante que reduzcan y ofendan mi inteligencia al tildar de \u201cPol\u00edtico\u201d un proceso doloroso de mi vida. Yo siempre me conduzco con VERDAD porque as\u00ed soy y ser\u00e9.<br><br>SOY AUT\u00d3NOMA, A MI NING\u00daN PERSONAJE POL\u00cdTICO APADRINA EL USO DE MI PALABRA.<\/p>&mdash; Elena R\u00edos \ud83c\udfb7 (@_ElenaRios) <a href=\"https:\/\/twitter.com\/_ElenaRios\/status\/1464230229237501955?ref_src=twsrc%5Etfw\">26 de noviembre de 2021<\/a><\/blockquote><\/div>\n<\/div><\/figure>\n\n\n\n<p>En su mensaje de ayer en conferencia de prensa, recalc\u00f3 su acusaci\u00f3n de que el anterior titular de la Fiscal\u00eda General del Estado de Oaxaca, Rub\u00e9n Vasconcelos M\u00e9ndez, se dedic\u00f3 a proteger a sus agresores, que hace m\u00e1s de dos a\u00f1os la atacaron con \u00e1cido, en Huajuapan de Le\u00f3n.<\/p>\n\n\n\n<p>\u201cHoy se cumplen 809 d\u00edas desde que me quisieron matar con \u00e1cido y sigo aqu\u00ed clamando justicia como siempre, clamando imparcialidad. Fueron cinco los cobardes que lo intentaron hacer, cuatro de ellos se encuentran en prisi\u00f3n preventiva, o se encontraban porque uno muri\u00f3 por causas que hasta la fecha desconozco\u201d, expres\u00f3.<\/p>\n\n\n\n<p>\u201cEl quinto implicado sigue libre, sigue pr\u00f3fugo, y con todo el fuero que le brinda el estado de Oaxaca, lo he visto con mis propios ojos en la calle, pero el hombre fiscal de ese entonces, Rub\u00e9n Vasconcelos M\u00e9ndez se dedic\u00f3 a protegerlo, pero ahora es premiado con la Secretar\u00eda del Bienestar Social\u201d, relat\u00f3.<\/p>\n\n\n\n<p>Se\u00f1al\u00f3 tambi\u00e9n que el actual fiscal del estado, Arturo Peimbert Calvo no ha hecho absolutamente nada para detener al quinto de sus agresores.<\/p>\n\n\n\n<p>\u201cAhora el nuevo hombre fiscal, Arturo Peimbert Calvo prefiere vanagloriarse en el centro hist\u00f3rico de Oaxaca con su ostentosa motocicleta, y de festejar su cumplea\u00f1os por cuatro d\u00edas consecutivos y sentarse encerrado en su linda oficina delegando la responsabilidad a la sociedad para encontrar a mi agresor\u201d, apunt\u00f3.<\/p>\n\n\n\n<p>Pidi\u00f3 que frene la violencia contra las mujeres en todo el pa\u00eds. Record\u00f3 que tan s\u00f3lo en Oaxaca hay m\u00e1s de 570 v\u00edctimas de feminicidio a las que nos se les ha hecho justicia.&nbsp;<\/p>\n\n\n\n<p>\u201cLes recuerdo las m\u00e1s de 574 v\u00edctimas de feminicidio impunes en Oaxaca, eso sin contar a las que a\u00fan est\u00e1n bajo el anonimato\u201d, indic\u00f3.<\/p>\n\n\n\n<figure class=\"wp-block-embed is-type-rich is-provider-twitter wp-block-embed-twitter\"><div class=\"wp-block-embed__wrapper\">\n<div class=\"twitter-tweet\"><blockquote class=\"twitter-tweet\" data-lang=\"es\"><p lang=\"es\" dir=\"ltr\">\ud83d\udcccHoy <a href=\"https:\/\/twitter.com\/hashtag\/25N?src=hash&amp;ref_src=twsrc%5Etfw\">#25N<\/a> en el <a href=\"https:\/\/twitter.com\/senadomexicano?ref_src=twsrc%5Etfw\">@senadomexicano<\/a> gracias al espacio de la senadora <a href=\"https:\/\/twitter.com\/kenialopezr?ref_src=twsrc%5Etfw\">@kenialopezr<\/a> les comparto mi experiencia y la verdad absoluta de este calvario, en torno a la violencia institucional ejercida por <a href=\"https:\/\/twitter.com\/PeimbertArturo?ref_src=twsrc%5Etfw\">@PeimbertArturo<\/a> el hotel\/reclusorio de mi agresor y violencia legislativa d g\u00e9nero <a href=\"https:\/\/t.co\/WHAljq9hp6\">https:\/\/t.co\/WHAljq9hp6<\/a><\/p>&mdash; Elena R\u00edos \ud83c\udfb7 (@_ElenaRios) <a href=\"https:\/\/twitter.com\/_ElenaRios\/status\/1463957317288972291?ref_src=twsrc%5Etfw\">25 de noviembre de 2021<\/a><\/blockquote><\/div>\n<\/div><\/figure>\n","protected":false},"excerpt":{"rendered":"<p>Redacci\u00f3n\/Zona Roja. Oaxaca de Ju\u00e1rez, Oax., 26 de noviembre de 2021.- En el marco del&hellip;<\/p>\n","protected":false},"author":2,"featured_media":34703,"comment_status":"closed","ping_status":"open","sticky":false,"template":"","format":"standard","meta":{"_lmt_disableupdate":"","_lmt_disable":"","_jetpack_memberships_contains_paid_content":false,"footnotes":""},"categories":[109,47],"tags":[1124],"class_list":["post-34702","post","type-post","status-publish","format-standard","has-post-thumbnail","hentry","category-minuto-a-minuto","category-zona-gris","tag-maria-elena-rios-ortiz"],"jetpack_featured_media_url":"https:\/\/zonaroja.com.mx\/wp-content\/uploads\/2021\/11\/Maria-Elena-Rios-en-Senado.jpg","jetpack_sharing_enabled":true,"_links":{"self":[{"href":"https:\/\/zonaroja.com.mx\/index.php?rest_route=\/wp\/v2\/posts\/34702","targetHints":{"allow":["GET"]}}],"collection":[{"href":"https:\/\/zonaroja.com.mx\/index.php?rest_route=\/wp\/v2\/posts"}],"about":[{"href":"https:\/\/zonaroja.com.mx\/index.php?rest_route=\/wp\/v2\/types\/post"}],"author":[{"embeddable":true,"href":"https:\/\/zonaroja.com.mx\/index.php?rest_route=\/wp\/v2\/users\/2"}],"replies":[{"embeddable":true,"href":"https:\/\/zonaroja.com.mx\/index.php?rest_route=%2Fwp%2Fv2%2Fcomments&post=34702"}],"version-history":[{"count":1,"href":"https:\/\/zonaroja.com.mx\/index.php?rest_route=\/wp\/v2\/posts\/34702\/revisions"}],"predecessor-version":[{"id":34704,"href":"https:\/\/zonaroja.com.mx\/index.php?rest_route=\/wp\/v2\/posts\/34702\/revisions\/34704"}],"wp:featuredmedia":[{"embeddable":true,"href":"https:\/\/zonaroja.com.mx\/index.php?rest_route=\/wp\/v2\/media\/34703"}],"wp:attachment":[{"href":"https:\/\/zonaroja.com.mx\/index.php?rest_route=%2Fwp%2Fv2%2Fmedia&parent=34702"}],"wp:term":[{"taxonomy":"category","embeddable":true,"href":"https:\/\/zonaroja.com.mx\/index.php?rest_route=%2Fwp%2Fv2%2Fcategories&post=34702"},{"taxonomy":"post_tag","embeddable":true,"href":"https:\/\/zonaroja.com.mx\/index.php?rest_route=%2Fwp%2Fv2%2Ftags&post=34702"}],"curies":[{"name":"wp","href":"https:\/\/api.w.org\/{rel}","templated":true}]}}