{"id":34711,"date":"2021-11-26T09:00:28","date_gmt":"2021-11-26T15:00:28","guid":{"rendered":"http:\/\/www.zonaroja.com.mx\/?p=34711"},"modified":"2021-11-26T09:00:31","modified_gmt":"2021-11-26T15:00:31","slug":"invita-poder-judicial-a-conferencia-del-rector-de-la-escuela-libre-de-derecho","status":"publish","type":"post","link":"https:\/\/zonaroja.com.mx\/?p=34711","title":{"rendered":"Invita Poder Judicial a conferencia del Rector de la Escuela Libre de Derecho"},"content":{"rendered":"\n<p>Redacci\u00f3n\/Zona Roja.<\/p>\n\n\n\n<p>Oaxaca de Ju\u00e1rez, Oax., 26 de noviembre de 2021.- El Poder Judicial del Estado invita a integrantes de Barras, Colegios, Asociaciones, profesionales y estudiantes en Derecho, as\u00ed como a la sociedad en general, a la conferencia magistral \u201cLa academia en la independencia judicial\u201d, que impartir\u00e1 el rector de la Escuela Libre de Derecho, doctor Ricardo Antonio Silva D\u00edaz, este viernes 26 de noviembre.<\/p>\n\n\n\n<p>La actividad acad\u00e9mica se realiza como parte de las acciones en el marco de la implementaci\u00f3n de la Maestr\u00eda en Derecho Judicial y el programa de formaci\u00f3n continua que desarrolla la instituci\u00f3n, al ser la profesionalizaci\u00f3n y formaci\u00f3n judicial uno de los ejes principales de la administraci\u00f3n del magistrado Eduardo Pinacho S\u00e1nchez.<\/p>\n\n\n\n<p>Las y los interesados podr\u00e1n seguir la conferencia de manera virtual a partir de las 12:00 horas, desde las redes sociales del Poder Judicial del Estado, en Facebook: Tribunal Superior de Justicia de Oaxaca y en Twitter @tsjoaxaca.<\/p>\n\n\n\n<p>El doctor Ricardo Antonio Silva D\u00edaz, es abogado por la Escuela Libre de Derecho. Cuenta con una Maestr\u00eda en Derechos Humanos y Democracia por Facultad Latinoamericana de Ciencias Sociales, FLACSO. En su trayectoria profesional se ha desempe\u00f1ado como Secretario de Estudio y Cuenta en la Suprema Corte de Justicia de la Naci\u00f3n (SCJN); Director General Adjunto de Procedimientos Constitucionales en la Secretar\u00eda de Gobernaci\u00f3n (Segob); entre otros cargos. Actualmente es Rector de la Escuela Libre de Derecho.<\/p>\n\n\n\n<p>Con este tipo de actividades virtuales y gratuitas, el Poder Judicial del Estado busca fortalecer la cultura jur\u00eddica en la entidad y la profesionalizaci\u00f3n del foro de abogados.<\/p>\n","protected":false},"excerpt":{"rendered":"<p>Redacci\u00f3n\/Zona Roja. Oaxaca de Ju\u00e1rez, Oax., 26 de noviembre de 2021.- El Poder Judicial del&hellip;<\/p>\n","protected":false},"author":2,"featured_media":34712,"comment_status":"closed","ping_status":"open","sticky":false,"template":"","format":"standard","meta":{"_lmt_disableupdate":"","_lmt_disable":"","_jetpack_memberships_contains_paid_content":false,"footnotes":""},"categories":[109,46],"tags":[223],"class_list":["post-34711","post","type-post","status-publish","format-standard","has-post-thumbnail","hentry","category-minuto-a-minuto","category-zona-blanca","tag-poder-judicial-de-oaxaca"],"jetpack_featured_media_url":"https:\/\/zonaroja.com.mx\/wp-content\/uploads\/2021\/11\/Rector-de-la-Escuela-Libre-de-Derecho-Ricardo-Antonio-Silva.jpg","jetpack_sharing_enabled":true,"_links":{"self":[{"href":"https:\/\/zonaroja.com.mx\/index.php?rest_route=\/wp\/v2\/posts\/34711","targetHints":{"allow":["GET"]}}],"collection":[{"href":"https:\/\/zonaroja.com.mx\/index.php?rest_route=\/wp\/v2\/posts"}],"about":[{"href":"https:\/\/zonaroja.com.mx\/index.php?rest_route=\/wp\/v2\/types\/post"}],"author":[{"embeddable":true,"href":"https:\/\/zonaroja.com.mx\/index.php?rest_route=\/wp\/v2\/users\/2"}],"replies":[{"embeddable":true,"href":"https:\/\/zonaroja.com.mx\/index.php?rest_route=%2Fwp%2Fv2%2Fcomments&post=34711"}],"version-history":[{"count":1,"href":"https:\/\/zonaroja.com.mx\/index.php?rest_route=\/wp\/v2\/posts\/34711\/revisions"}],"predecessor-version":[{"id":34713,"href":"https:\/\/zonaroja.com.mx\/index.php?rest_route=\/wp\/v2\/posts\/34711\/revisions\/34713"}],"wp:featuredmedia":[{"embeddable":true,"href":"https:\/\/zonaroja.com.mx\/index.php?rest_route=\/wp\/v2\/media\/34712"}],"wp:attachment":[{"href":"https:\/\/zonaroja.com.mx\/index.php?rest_route=%2Fwp%2Fv2%2Fmedia&parent=34711"}],"wp:term":[{"taxonomy":"category","embeddable":true,"href":"https:\/\/zonaroja.com.mx\/index.php?rest_route=%2Fwp%2Fv2%2Fcategories&post=34711"},{"taxonomy":"post_tag","embeddable":true,"href":"https:\/\/zonaroja.com.mx\/index.php?rest_route=%2Fwp%2Fv2%2Ftags&post=34711"}],"curies":[{"name":"wp","href":"https:\/\/api.w.org\/{rel}","templated":true}]}}