{"id":34714,"date":"2021-11-26T12:52:48","date_gmt":"2021-11-26T18:52:48","guid":{"rendered":"https:\/\/www.zonaroja.com.mx\/?p=34714"},"modified":"2021-11-26T12:52:51","modified_gmt":"2021-11-26T18:52:51","slug":"fallece-manifestante-de-xochixtlan-baleado-en-la-caseta-de-huitzo","status":"publish","type":"post","link":"https:\/\/zonaroja.com.mx\/?p=34714","title":{"rendered":"Fallece manifestante de Xochixtl\u00e1n baleado en la caseta de Huitzo"},"content":{"rendered":"\n<p>Redacci\u00f3n\/Informativo 570<\/p>\n\n\n\n<p>Oaxaca de Ju\u00e1rez, Oax., 26 de noviembre de 2021.- Benjam\u00edn Santiago Hern\u00e1ndez, de 30 a\u00f1os de edad, falleci\u00f3 en el Hospital Civil \u201cDr. Aurelio Valdivieso\u201d, 48 horas despu\u00e9s de haber sido baleado mientras ped\u00eda \u201ccooperaci\u00f3n voluntaria\u201d en la caseta de peaje de Huitzo.<\/p>\n\n\n\n<p>Los familiares del joven oriundo de San Jos\u00e9 Xochixtl\u00e1n perteneciente a la regi\u00f3n Mixteca, informaron que por las lesiones que le provocaron las balas, Benjam\u00edn no resisti\u00f3 y falleci\u00f3 la noche de este jueves.<\/p>\n\n\n\n<p>La v\u00edctima fue atacado a balazos por el conductor de un veh\u00edculo en la caseta de peaje de Huitzo, de la supercarretera Oaxaca-Cuacnopala, el pasado martes, al momento de que le solicitaba una cooperaci\u00f3n voluntaria para dejar pasar su autom\u00f3vil.<\/p>\n\n\n\n<p>El joven acompa\u00f1aba a otros pobladores de Xochixtl\u00e1n, quienes \u201ctomaron\u201d la caseta de peaje para exigir a las autoridades de San Mart\u00edn Itunyoso la entrega de recursos de los ramos 28 y 33.<\/p>\n\n\n\n<p>Tras el ataque, Benjam\u00edn fue trasladado a un hospital de la ciudad de Oaxaca, donde recibi\u00f3 atenci\u00f3n m\u00e9dica, sin embargo, de su deceso se inform\u00f3 durante la noche de este jueves.<\/p>\n\n\n\n<p>Hasta el momento se desconoce si la agresi\u00f3n obedece a la forma en que solicit\u00f3 la cooperaci\u00f3n voluntaria al conductor o se trat\u00f3 de un tema personal, en tanto la Fiscal\u00eda General del Estado ya inici\u00f3 con la carpeta de investigaci\u00f3n.<\/p>\n","protected":false},"excerpt":{"rendered":"<p>Redacci\u00f3n\/Informativo 570 Oaxaca de Ju\u00e1rez, Oax., 26 de noviembre de 2021.- Benjam\u00edn Santiago Hern\u00e1ndez, de&hellip;<\/p>\n","protected":false},"author":2,"featured_media":34638,"comment_status":"closed","ping_status":"open","sticky":false,"template":"","format":"standard","meta":{"_lmt_disableupdate":"","_lmt_disable":"","_jetpack_memberships_contains_paid_content":false,"footnotes":""},"categories":[109,51],"tags":[],"class_list":["post-34714","post","type-post","status-publish","format-standard","has-post-thumbnail","hentry","category-minuto-a-minuto","category-zona-roja"],"jetpack_featured_media_url":"https:\/\/zonaroja.com.mx\/wp-content\/uploads\/2021\/11\/Herido-caseta-Huitzo-y-MULTI.jpg","jetpack_sharing_enabled":true,"_links":{"self":[{"href":"https:\/\/zonaroja.com.mx\/index.php?rest_route=\/wp\/v2\/posts\/34714","targetHints":{"allow":["GET"]}}],"collection":[{"href":"https:\/\/zonaroja.com.mx\/index.php?rest_route=\/wp\/v2\/posts"}],"about":[{"href":"https:\/\/zonaroja.com.mx\/index.php?rest_route=\/wp\/v2\/types\/post"}],"author":[{"embeddable":true,"href":"https:\/\/zonaroja.com.mx\/index.php?rest_route=\/wp\/v2\/users\/2"}],"replies":[{"embeddable":true,"href":"https:\/\/zonaroja.com.mx\/index.php?rest_route=%2Fwp%2Fv2%2Fcomments&post=34714"}],"version-history":[{"count":1,"href":"https:\/\/zonaroja.com.mx\/index.php?rest_route=\/wp\/v2\/posts\/34714\/revisions"}],"predecessor-version":[{"id":34715,"href":"https:\/\/zonaroja.com.mx\/index.php?rest_route=\/wp\/v2\/posts\/34714\/revisions\/34715"}],"wp:featuredmedia":[{"embeddable":true,"href":"https:\/\/zonaroja.com.mx\/index.php?rest_route=\/wp\/v2\/media\/34638"}],"wp:attachment":[{"href":"https:\/\/zonaroja.com.mx\/index.php?rest_route=%2Fwp%2Fv2%2Fmedia&parent=34714"}],"wp:term":[{"taxonomy":"category","embeddable":true,"href":"https:\/\/zonaroja.com.mx\/index.php?rest_route=%2Fwp%2Fv2%2Fcategories&post=34714"},{"taxonomy":"post_tag","embeddable":true,"href":"https:\/\/zonaroja.com.mx\/index.php?rest_route=%2Fwp%2Fv2%2Ftags&post=34714"}],"curies":[{"name":"wp","href":"https:\/\/api.w.org\/{rel}","templated":true}]}}