{"id":34722,"date":"2021-11-26T19:36:35","date_gmt":"2021-11-27T01:36:35","guid":{"rendered":"http:\/\/www.zonaroja.com.mx\/?p=34722"},"modified":"2021-11-26T19:36:39","modified_gmt":"2021-11-27T01:36:39","slug":"se-esconde-titular-de-sso-de-sindicalizados-lo-buscan-en-oficinas-alternas","status":"publish","type":"post","link":"https:\/\/zonaroja.com.mx\/?p=34722","title":{"rendered":"Se esconde titular de SSO de sindicalizados; lo buscan en oficinas alternas"},"content":{"rendered":"\n<p>Yuridiana Sosa\/Zona Roja.<\/p>\n\n\n\n<p>Oaxaca de Ju\u00e1rez, Oax., 26 de noviembre de 2021.- Afiliados al Sindicato Federal Democr\u00e1tico de Salud (Sifeds), Secci\u00f3n 30, trasladaron su protesta a oficinas alternas de los Servicios de Salud de Oaxaca en Santa Luc\u00eda del Camino, en busca del secretario Juan Carlos M\u00e1rquez Heine, quien les ha negado una mesa de trabajo desde hacer varios meses.<\/p>\n\n\n\n<p>Los inconformes se instalaron afuera de un domicilio en la calle de Xalt\u00f3can, en la colonia El Baj\u00edo, donde la dependencia de salud abri\u00f3 las oficinas del Departamento de Operaciones y Pagos, y a la que supuestamente tambi\u00e9n llega el titular.<\/p>\n\n\n\n<p>El secretario de Asuntos Jur\u00eddicos del sindicato, Fernando Rodr\u00edguez Cort\u00e9s, se\u00f1al\u00f3 que M\u00e1rquez Heine reprime a los trabajadores ante la creaci\u00f3n de un nuevo sindicato, por lo que les retiene pagos, por lo que demandaron el cese al acoso laboral.<\/p>\n\n\n\n<p>Pero adem\u00e1s, exigen la soluci\u00f3n a la recodificaci\u00f3n, cambio de adscripciones, uniformes, vales de productividad y de regalos.<\/p>\n\n\n\n<p>\u201cHemos venido desde muy temprana ahora al secretario de Salud, sabemos que tambi\u00e9n asiste a este inmueble particular. Dicen que no hay dinero para medicamentos, insumos, material, vacunas, pero rentan oficinas.<\/p>\n\n\n\n<p>\u201cDurante ocho meses no nos ha querido recibir, no nos escucha, nos ignora, nos violenta; es un servidor p\u00fablico del estado\u201d, dijo Rodr\u00edguez Cort\u00e9s.<\/p>\n\n\n\n<p>Horas despu\u00e9s de la manifestaci\u00f3n, arribaron elementos de la Polic\u00eda Estatal y de la Polic\u00eda Auxiliar Bancaria, Industrial y Comercial (PABIC) para entablar un di\u00e1logo.<\/p>\n\n\n\n<p>Ante ello, los trabajadores se alarmaron al pensar que se trataba de una desalojo, sin embargo, los polic\u00edas aclararon que su presencia obedeci\u00f3 a llamados de denuncia por parte de vecinos de la zona para que atendieran a una manifestaci\u00f3n.<\/p>\n\n\n\n<p>Minutos despu\u00e9s, la Polic\u00eda Estatal y PABIC se retiraron del lugar sin registrarse incidencias.<\/p>\n\n\n\n<p>Esta es la en\u00e9sima protesta que este sindicato realiza en el transcurso de las \u00faltimas semanas para denunciar las omisiones del titular de los Servicios de Salud de Oaxaca.<\/p>\n\n\n\n<p>Ayer lo hicieron en las oficinas ubicadas en Heroico Colegio Militar, en la colonia Reforma de la ciudad de Oaxaca.<\/p>\n\n\n\n<figure class=\"wp-block-embed is-type-rich is-provider-twitter wp-block-embed-twitter\"><div class=\"wp-block-embed__wrapper\">\n<div class=\"twitter-tweet\"><blockquote class=\"twitter-tweet\" data-lang=\"es\"><p lang=\"es\" dir=\"ltr\"><a href=\"https:\/\/twitter.com\/hashtag\/%C3%9AltimoMinuto?src=hash&amp;ref_src=twsrc%5Etfw\">#\u00daltimoMinuto<\/a> <br>Tras el di\u00e1logo con inconformes en oficinas de los <a href=\"https:\/\/twitter.com\/SSO_GobOax?ref_src=twsrc%5Etfw\">@SSO_GobOax<\/a>, se retiraron manifestantes. <br>El comisionado de la <a href=\"https:\/\/twitter.com\/Policia_GobOax?ref_src=twsrc%5Etfw\">@Policia_GobOax<\/a>, Ra\u00fal Castillejos, y el director de <a href=\"https:\/\/twitter.com\/PABIC_GobOax?ref_src=twsrc%5Etfw\">@PABIC_GobOax<\/a>, <a href=\"https:\/\/twitter.com\/GalvanMorteo?ref_src=twsrc%5Etfw\">@GalvanMorteo<\/a>, reiteraron el inter\u00e9s de la <a href=\"https:\/\/twitter.com\/SSP_GobOax?ref_src=twsrc%5Etfw\">@SSP_GobOax<\/a> para privilegiar acuerdos. <a href=\"https:\/\/t.co\/vVldxB29kc\">pic.twitter.com\/vVldxB29kc<\/a><\/p>&mdash; Zona Roja Oaxaca (@Zona_Roja_Oax) <a href=\"https:\/\/twitter.com\/Zona_Roja_Oax\/status\/1464354107532226565?ref_src=twsrc%5Etfw\">26 de noviembre de 2021<\/a><\/blockquote><\/div>\n<\/div><\/figure>\n","protected":false},"excerpt":{"rendered":"<p>Yuridiana Sosa\/Zona Roja. Oaxaca de Ju\u00e1rez, Oax., 26 de noviembre de 2021.- Afiliados al Sindicato&hellip;<\/p>\n","protected":false},"author":2,"featured_media":34723,"comment_status":"closed","ping_status":"open","sticky":false,"template":"","format":"standard","meta":{"_lmt_disableupdate":"","_lmt_disable":"","_jetpack_memberships_contains_paid_content":false,"footnotes":""},"categories":[109,47],"tags":[1005],"class_list":["post-34722","post","type-post","status-publish","format-standard","has-post-thumbnail","hentry","category-minuto-a-minuto","category-zona-gris","tag-servicios-de-salud-de-oaxaca-sso"],"jetpack_featured_media_url":"https:\/\/zonaroja.com.mx\/wp-content\/uploads\/2021\/11\/Protesta-Sindicato-Federal-Democratico-Salud.jpg","jetpack_sharing_enabled":true,"_links":{"self":[{"href":"https:\/\/zonaroja.com.mx\/index.php?rest_route=\/wp\/v2\/posts\/34722","targetHints":{"allow":["GET"]}}],"collection":[{"href":"https:\/\/zonaroja.com.mx\/index.php?rest_route=\/wp\/v2\/posts"}],"about":[{"href":"https:\/\/zonaroja.com.mx\/index.php?rest_route=\/wp\/v2\/types\/post"}],"author":[{"embeddable":true,"href":"https:\/\/zonaroja.com.mx\/index.php?rest_route=\/wp\/v2\/users\/2"}],"replies":[{"embeddable":true,"href":"https:\/\/zonaroja.com.mx\/index.php?rest_route=%2Fwp%2Fv2%2Fcomments&post=34722"}],"version-history":[{"count":1,"href":"https:\/\/zonaroja.com.mx\/index.php?rest_route=\/wp\/v2\/posts\/34722\/revisions"}],"predecessor-version":[{"id":34724,"href":"https:\/\/zonaroja.com.mx\/index.php?rest_route=\/wp\/v2\/posts\/34722\/revisions\/34724"}],"wp:featuredmedia":[{"embeddable":true,"href":"https:\/\/zonaroja.com.mx\/index.php?rest_route=\/wp\/v2\/media\/34723"}],"wp:attachment":[{"href":"https:\/\/zonaroja.com.mx\/index.php?rest_route=%2Fwp%2Fv2%2Fmedia&parent=34722"}],"wp:term":[{"taxonomy":"category","embeddable":true,"href":"https:\/\/zonaroja.com.mx\/index.php?rest_route=%2Fwp%2Fv2%2Fcategories&post=34722"},{"taxonomy":"post_tag","embeddable":true,"href":"https:\/\/zonaroja.com.mx\/index.php?rest_route=%2Fwp%2Fv2%2Ftags&post=34722"}],"curies":[{"name":"wp","href":"https:\/\/api.w.org\/{rel}","templated":true}]}}