{"id":34728,"date":"2021-11-26T22:25:22","date_gmt":"2021-11-27T04:25:22","guid":{"rendered":"http:\/\/www.zonaroja.com.mx\/?p=34728"},"modified":"2021-11-26T22:25:25","modified_gmt":"2021-11-27T04:25:25","slug":"cierra-semana-con-mas-protestas-no-puede-segego-con-conflictos","status":"publish","type":"post","link":"https:\/\/zonaroja.com.mx\/?p=34728","title":{"rendered":"Cierra semana con m\u00e1s protestas; no puede Segego con conflictos"},"content":{"rendered":"\n<p>Yuridiana Sosa\/ Zona Roja<\/p>\n\n\n\n<p>Oaxaca de Ju\u00e1rez, Oax., 26 de noviembre de 2021.- Una vez m\u00e1s, las omisiones de la Secretar\u00eda General de Gobierno (Segego) para escuchar y atender a los diferentes grupos en sus demandas, resultaron en bloqueos y manifestaciones este viernes.<\/p>\n\n\n\n<p>La semana cierra con cuatro movilizaciones, en las regiones Valles Centrales, Mixteca y Sierra Sur por parte de organizaciones sociales y habitantes.<\/p>\n\n\n\n<p>Pobladores de Santo Domingo Tehuantepec, afiliados a la organizaci\u00f3n \u201cSol Rojo\u201d, cerraron esta ma\u00f1ana todos los accesos al complejo gubernamental de Ciudad Administrativa, en Tlalixtac de Cabrera, conurbado a la capital.<\/p>\n\n\n\n<p>Los inconformes exigieron una mesa de di\u00e1logo con la Secretar\u00eda General de Gobierno (Segego) y la Fiscal\u00eda General del Estado de Oaxaca (FGEO), para demandar la libertad de uno de sus compa\u00f1eros detenido presuntamente de forma arbitraria por ser activista opositor al Corredor Interoce\u00e1nico.<\/p>\n\n\n\n<p>Adem\u00e1s, demandaron conocer sobre los avances en las investigaciones de otros casos referentes a desaparici\u00f3n y asesinatos de otros compa\u00f1eros ocurridos entre el 2018 y 2019.<\/p>\n\n\n\n<p>En el coraz\u00f3n de la capital del estado, en manera de protesta, la Uni\u00f3n de Artesanos y Comerciantes de Oaxaca en Lucha (UACOL) instalaron nuevamente su plant\u00f3n y puestos ambulantes en el z\u00f3calo de la ciudad.<\/p>\n\n\n\n<p>Los puestos de los vendedores fueron retirados el pasado 14 de noviembre en el marco del Quinto Informe de Gobierno de Alejandro Murat Hinojosa. Su insistencia por mantener espacios en la v\u00eda p\u00fablica ha provocado en otras ocasiones la confrontaci\u00f3n con fuerzas polic\u00edacas.<\/p>\n\n\n\n<p>Por segundo d\u00eda, el Sindicato Federal Democr\u00e1tico de Salud (Sifeds) protest\u00f3 con el cierre de oficinas de los Servicios de Salud de Oaxaca, hoy en el municipio conurbado de Santa Luc\u00eda del Camino.<\/p>\n\n\n\n<p>A falta de atenci\u00f3n por parte de la Segego, tuvieron que llegar titulares de la Polic\u00eda Estatal y de la Polic\u00eda Auxiliar, Bancaria, Industrial y Comercial, a dialogar con los inconformes, a fin de que eviten afectar derechos de terceros.<\/p>\n\n\n\n<p>M\u00c1S BLOQUEOS<\/p>\n\n\n\n<p>En la regi\u00f3n de la regi\u00f3n de la Sierra Sur, habitantes de la agencia municipal El Coyul instalaron un bloqueo por segundo d\u00eda consecutivo para exigir&nbsp; al Ayuntamiento de San Juan Lajarcia la entrega de los recursos de los ramos 28 y 33.<\/p>\n\n\n\n<p>Desde temprana hora, cerraron el paso sobre la carretera federal 190 carretera federal 190, tramo Oaxaca-Istmo, a la altura del kil\u00f3metro 157, que comunica con la regi\u00f3n del Istmo.<\/p>\n\n\n\n<p>Los habitantes bloquearon con el uso de una retroexcavadora y piedras, mientras exhib\u00edan sus demandas en cartulinas que portaban.<\/p>\n\n\n\n<p>Advirtieron que la manifestaci\u00f3n continuar\u00e1 hasta que los atienda el gobierno del estado y les cumpla su exigencia.<\/p>\n\n\n\n<p>Mientras que la tarde de hoy, un grupo de habitantes de la regi\u00f3n Mixteca se apoder\u00f3 de la caseta de peaje de Coixtlahuaca, en la supercarretera Oaxaca-Cuacnopalan, sin que hasta el momento se desconozcan sus demandas.<\/p>\n","protected":false},"excerpt":{"rendered":"<p>Yuridiana Sosa\/ Zona Roja Oaxaca de Ju\u00e1rez, Oax., 26 de noviembre de 2021.- Una vez&hellip;<\/p>\n","protected":false},"author":2,"featured_media":34729,"comment_status":"closed","ping_status":"open","sticky":false,"template":"","format":"standard","meta":{"_lmt_disableupdate":"","_lmt_disable":"","_jetpack_memberships_contains_paid_content":false,"footnotes":""},"categories":[109,47],"tags":[2264],"class_list":["post-34728","post","type-post","status-publish","format-standard","has-post-thumbnail","hentry","category-minuto-a-minuto","category-zona-gris","tag-bloqueos-y-protestas-oaxaca"],"jetpack_featured_media_url":"https:\/\/zonaroja.com.mx\/wp-content\/uploads\/2021\/11\/Bloqueo-Coyul-San-Juan-Lajarcia.jpg","jetpack_sharing_enabled":true,"_links":{"self":[{"href":"https:\/\/zonaroja.com.mx\/index.php?rest_route=\/wp\/v2\/posts\/34728","targetHints":{"allow":["GET"]}}],"collection":[{"href":"https:\/\/zonaroja.com.mx\/index.php?rest_route=\/wp\/v2\/posts"}],"about":[{"href":"https:\/\/zonaroja.com.mx\/index.php?rest_route=\/wp\/v2\/types\/post"}],"author":[{"embeddable":true,"href":"https:\/\/zonaroja.com.mx\/index.php?rest_route=\/wp\/v2\/users\/2"}],"replies":[{"embeddable":true,"href":"https:\/\/zonaroja.com.mx\/index.php?rest_route=%2Fwp%2Fv2%2Fcomments&post=34728"}],"version-history":[{"count":1,"href":"https:\/\/zonaroja.com.mx\/index.php?rest_route=\/wp\/v2\/posts\/34728\/revisions"}],"predecessor-version":[{"id":34730,"href":"https:\/\/zonaroja.com.mx\/index.php?rest_route=\/wp\/v2\/posts\/34728\/revisions\/34730"}],"wp:featuredmedia":[{"embeddable":true,"href":"https:\/\/zonaroja.com.mx\/index.php?rest_route=\/wp\/v2\/media\/34729"}],"wp:attachment":[{"href":"https:\/\/zonaroja.com.mx\/index.php?rest_route=%2Fwp%2Fv2%2Fmedia&parent=34728"}],"wp:term":[{"taxonomy":"category","embeddable":true,"href":"https:\/\/zonaroja.com.mx\/index.php?rest_route=%2Fwp%2Fv2%2Fcategories&post=34728"},{"taxonomy":"post_tag","embeddable":true,"href":"https:\/\/zonaroja.com.mx\/index.php?rest_route=%2Fwp%2Fv2%2Ftags&post=34728"}],"curies":[{"name":"wp","href":"https:\/\/api.w.org\/{rel}","templated":true}]}}