{"id":3473,"date":"2019-08-28T15:52:58","date_gmt":"2019-08-28T20:52:58","guid":{"rendered":"https:\/\/www.zonaroja.com.mx\/?p=3473"},"modified":"2019-08-28T15:52:59","modified_gmt":"2019-08-28T20:52:59","slug":"feminicidios-desapariciones-forzadas-y-migracion-retos-de-mexico-en-materia-de-derechos-humanos-cidh","status":"publish","type":"post","link":"https:\/\/zonaroja.com.mx\/?p=3473","title":{"rendered":"Feminicidios, desapariciones forzadas y migraci\u00f3n, retos de M\u00e9xico en materia de Derechos Humanos: CIDH"},"content":{"rendered":"\n<p>Evlin Arag\u00f3n\/Zona Roja<\/p>\n\n\n\n<p>Oaxaca de Ju\u00e1rez, Oax., 28 de agosto de 2019.- La presidenta de la Comisi\u00f3n Interamericana de Derechos Humanos (CIDH), Esmeralda Arosemena de Troiti\u00f1o, asegur\u00f3 que la problem\u00e1tica en torno al feminicidio es de car\u00e1cter regional; sin embargo, reconoci\u00f3 que se focaliza gravemente en M\u00e9xico, raz\u00f3n por la que es fundamental que se vea desde una visi\u00f3n integral, donde todas las \u00e1reas involucradas se comprometan con su erradicaci\u00f3n. <\/p>\n\n\n\n<p>\u201cLa problem\u00e1tica que vivimos en torno a la muerte de mujeres por su condici\u00f3n de g\u00e9nero, necesita de una visi\u00f3n integral de todas las instituciones&nbsp;&nbsp;involucradas en asegurar la protecci\u00f3n de la vida de las mujeres, ese es el gran reto que tiene M\u00e9xico en estos momentos\u201d, dijo.&nbsp;&nbsp;<\/p>\n\n\n\n<p>Lo anterior en su participaci\u00f3n en el \u201cSeminario Internacional de Derechos Humanos y Perspectiva de G\u00e9nero\u201d que realiza la Universidad Aut\u00f3noma \u201cBenito Ju\u00e1rez\u201d de Oaxaca, en coordinaci\u00f3n con la Defensor\u00eda de los Derechos Humanos de Oaxaca.<\/p>\n\n\n\n<p>Explic\u00f3 que en su calidad de relatora para M\u00e9xico, al interior de la CIDH, ha podido detectar la grave problem\u00e1tica del pa\u00eds en torno a la desapariciones forzadas, tal es el caso del emblem\u00e1tico caso de las desaparici\u00f3n de los estudiantes de Ayotzinapa, que estos momentos esta en la cancha de la instancia internacional que en breve espera obtener resultados.<\/p>\n\n\n\n<p>\u201cEn estos momentos hay un nueva estructura en el manejo de las investigaciones, esperamos que en cuesti\u00f3n de unos meses tengamos un planteamiento para encontrar a los j\u00f3venes de Ayotzinapa, que es el principal objetivo\u201d, dijo, en presencia del rector de la UABJO, Eduardo Bautista Mart\u00ednez. <\/p>\n\n\n\n<p>En este sentido, Arosemena de Troiti\u00f1o, detall\u00f3 que el Estado mexicano ha reconocido la problem\u00e1tica en este tema y se ha comprometido a dar seguimiento, lo cual representa un reto, debido al n\u00famero de desapariciones forzadas que se han registrado en el pa\u00eds en los \u00faltimos a\u00f1os.<\/p>\n\n\n\n<p>Finalmente la presentante de la CIDH, explic\u00f3 que el tercer tema al que tiene que poner puntual atenci\u00f3n M\u00e9xico, en materia de derechos humanos es el migratorio, que tiene una necesidad de visi\u00f3n regional, es decir que todos los pa\u00edses deben reconocer que se trata de una crisis humanitaria y atenderla como tal.&nbsp;&nbsp;<\/p>\n\n\n\n<p>Confi\u00f3 en que hay una conciencia del gobierno mexicano de la problem\u00e1tica, sin embargo dijo necesita el respaldo de los dem\u00e1s pa\u00edses para que puedan consolidarse&nbsp;&nbsp;medidas de efectividad que garanticen los derechos de las y los migrantes, ya que se trata de un asunto que involucra a todo el continente americano.<\/p>\n\n\n\n<p>\u201cA M\u00e9xico le toca la gran demanda de migrantes que buscan una mejor calidad de vida, debido a la cercan\u00eda con Estados Unidos, por ello tiene como reto establecer los mecanismos necesarios para poder asumir la protecci\u00f3n de los derechos de miles de personas, provenientes de todo el continente\u201d, concluy\u00f3.<br class=\"Apple-interchange-newline\" \/><\/p>\n\n\n\n<p><\/p>\n","protected":false},"excerpt":{"rendered":"<p>Evlin Arag\u00f3n\/Zona Roja Oaxaca de Ju\u00e1rez, Oax., 28 de agosto de 2019.- La presidenta de&hellip;<\/p>\n","protected":false},"author":2,"featured_media":3472,"comment_status":"closed","ping_status":"open","sticky":false,"template":"","format":"standard","meta":{"_lmt_disableupdate":"","_lmt_disable":"","_jetpack_memberships_contains_paid_content":false,"footnotes":""},"categories":[1],"tags":[],"class_list":["post-3473","post","type-post","status-publish","format-standard","has-post-thumbnail","hentry","category-sin-categoria"],"jetpack_featured_media_url":"https:\/\/zonaroja.com.mx\/wp-content\/uploads\/2019\/08\/img_2596.jpg","jetpack_sharing_enabled":true,"_links":{"self":[{"href":"https:\/\/zonaroja.com.mx\/index.php?rest_route=\/wp\/v2\/posts\/3473","targetHints":{"allow":["GET"]}}],"collection":[{"href":"https:\/\/zonaroja.com.mx\/index.php?rest_route=\/wp\/v2\/posts"}],"about":[{"href":"https:\/\/zonaroja.com.mx\/index.php?rest_route=\/wp\/v2\/types\/post"}],"author":[{"embeddable":true,"href":"https:\/\/zonaroja.com.mx\/index.php?rest_route=\/wp\/v2\/users\/2"}],"replies":[{"embeddable":true,"href":"https:\/\/zonaroja.com.mx\/index.php?rest_route=%2Fwp%2Fv2%2Fcomments&post=3473"}],"version-history":[{"count":1,"href":"https:\/\/zonaroja.com.mx\/index.php?rest_route=\/wp\/v2\/posts\/3473\/revisions"}],"predecessor-version":[{"id":3474,"href":"https:\/\/zonaroja.com.mx\/index.php?rest_route=\/wp\/v2\/posts\/3473\/revisions\/3474"}],"wp:featuredmedia":[{"embeddable":true,"href":"https:\/\/zonaroja.com.mx\/index.php?rest_route=\/wp\/v2\/media\/3472"}],"wp:attachment":[{"href":"https:\/\/zonaroja.com.mx\/index.php?rest_route=%2Fwp%2Fv2%2Fmedia&parent=3473"}],"wp:term":[{"taxonomy":"category","embeddable":true,"href":"https:\/\/zonaroja.com.mx\/index.php?rest_route=%2Fwp%2Fv2%2Fcategories&post=3473"},{"taxonomy":"post_tag","embeddable":true,"href":"https:\/\/zonaroja.com.mx\/index.php?rest_route=%2Fwp%2Fv2%2Ftags&post=3473"}],"curies":[{"name":"wp","href":"https:\/\/api.w.org\/{rel}","templated":true}]}}