{"id":34742,"date":"2021-11-27T07:38:10","date_gmt":"2021-11-27T13:38:10","guid":{"rendered":"http:\/\/www.zonaroja.com.mx\/?p=34742"},"modified":"2021-11-27T07:38:13","modified_gmt":"2021-11-27T13:38:13","slug":"anuncian-tribunal-contra-el-feminicidio-en-oaxaca","status":"publish","type":"post","link":"https:\/\/zonaroja.com.mx\/?p=34742","title":{"rendered":"Anuncian Tribunal contra el Feminicidio en Oaxaca"},"content":{"rendered":"\n<p>Redacci\u00f3n\/Zona Roja.<\/p>\n\n\n\n<p>Oaxaca de Ju\u00e1rez, Oax., 27 de noviembre de 2021.- Los d\u00edas 29 y 30 de noviembre pr\u00f3ximo se llevar\u00e1 a cabo el Tribunal Feminista contra el Feminicidio en Oaxaca, que estar\u00e1 integrado por cinco juezas expertas en la defensa de los derechos humanos de las mujeres.<\/p>\n\n\n\n<p>Durante el Tribunal, organizado por Consorcio para el Di\u00e1logo Parlamentario y la Equidad Oaxaca, el Observatorio Ciudadano Nacional del Feminicidio y Madres contra el Feminicidio y la Impunidad, se expondr\u00e1n siete casos de feminicidios ocurridos en diversas regiones de la entidad y en diferentes a\u00f1os.<\/p>\n\n\n\n<p>Familiares, principalmente madres de las v\u00edctimas, ser\u00e1n escuchadas por las juezas, a quienes les explicar\u00e1n el estatus jur\u00eddico en que se encuentran las carpetas de investigaci\u00f3n, el contexto en el que ocurrieron los hechos y los diversos obst\u00e1culos que han enfrentado.<\/p>\n\n\n\n<p>La representante de Consorcio Oaxaca, Yesica S\u00e1nchez Maya, explic\u00f3 que el Tribunal Feminista contra el Feminicidio en Oaxaca es una acci\u00f3n ciudadana de justicia alternativa frente a los altos \u00edndices de impunidad, el no acceso a la verdad hist\u00f3rica y ante las sistem\u00e1ticas violaciones a los derechos de las v\u00edctimas por parte de las instituciones del Sistema de Justicia.<\/p>\n\n\n\n<p>Las expertas deber\u00e1n emitir una sanci\u00f3n que -aunque social- har\u00e1 visible la realidad que enfrentan cada d\u00eda las familias en la b\u00fasqueda de justicia para las mujeres que fueron asesinadas, la mayor\u00eda de las veces, como resultado de la desigualdad estructural que permea su vida, la muerte violenta y la b\u00fasqueda de justicia, afirm\u00f3 S\u00e1nchez Maya.<\/p>\n\n\n\n<p>En estos primeros cinco a\u00f1os del gobierno de Alejandro Murat Hinojosa, 575 mujeres han sido asesinadas en Oaxaca, la gran mayor\u00eda de las Carpetas de Investigaci\u00f3n est\u00e1n plagadas de omisiones, actuaciones negligentes e inconsistencias que obstaculizan que los presuntos victimarios sean presentados ante un proceso judicial y en otras ocasiones, aunado a la falta de investigaciones con perspectiva de g\u00e9nero, como se establece en los protocolos respectivos.<\/p>\n\n\n\n<p>Las familias, dijo S\u00e1nchez Maya, podr\u00e1n denunciar las presuntas malas actuaciones en la Fiscal\u00eda General del estado, agentes del Ministerio P\u00fablico y polic\u00edas de investigaci\u00f3n, as\u00ed como jueces, entre otros elementos del funcionariado que, lamentablemente, repercuten en el desarrollo en la etapa de juicio y la correspondiente sanci\u00f3n del inculpado, lo que se constituye en una negaci\u00f3n de la justicia pronta y expedita.<\/p>\n\n\n\n<p>Las integrantes del jurado son:<\/p>\n\n\n\n<p>Ruth Fierro Pineda, coordinadora del Centro de Derechos Humanos de las Mujeres (CEDEHM) de Chihuahua, fue una de las abogadas en el Caso Alvarado Espinosa y otros, ante la Corte Interamericana de Derechos Humanos e integrantes del Comit\u00e9 Spotlight, iniciativa de la ONU, en Chihuahua.<\/p>\n\n\n\n<p>Norma Gonz\u00e1lez Ben\u00edtez, actual jefa de la Unidad de Derechos Humanos en Amnist\u00eda Internacional. Durante m\u00e1s de ocho a\u00f1os colabor\u00f3 con la Comisi\u00f3n de Derechos Humanos de la Ciudad de M\u00e9xico y ha sido consultora independiente. Es Soci\u00f3loga y maestra en Derechos Humanos y Democracia, as\u00ed como estudios en Violencia contra las Mujeres, entre otros.<\/p>\n\n\n\n<p>Luz Mar\u00eda Estrada Mendoza es directora del Observatorio Ciudadano Nacional del Feminicidio. Coordina el Proyecto de Violencia de G\u00e9nero y Derechos Humanos, fundadora del Programa de J\u00f3venes de Cat\u00f3licas por el Derecho a Decidir (CDD), de la Red Nacional Cat\u00f3lica de J\u00f3venes por el Derecho a Decidir, del Observatorio Ciudadano para Monitorear la Impartici\u00f3n de Justicia en los casos de Feminicidio en Ciudad Ju\u00e1rez y Chihuahua, y del Observatorio Ciudadano Nacional del Feminicidio. Licenciada en Sociolog\u00eda con Menci\u00f3n Honor\u00edfica por la Escuela Nacional de Estudios Profesionales Acatl\u00e1n, UNAM, y tiene la especializaci\u00f3n en Estudios de la Mujer, por el Colegio de M\u00e9xico.<\/p>\n\n\n\n<p>Ana Yeli P\u00e9rez Garrido fundadora y directora ejecutiva de la organizaci\u00f3n Justicia Pro Persona y durante m\u00e1s de diez a\u00f1os ha sido asesora jur\u00eddica del Observatorio Ciudadano Nacional del Feminicidio. Abogada e investigadora de la Comisi\u00f3n Mexicana de Defensa y Promoci\u00f3n de los Derechos Humanos A.C. Ha llevado el litigio de diversos casos sobre violencia contra mujeres y feminicidio, cuatro de ellos ante la Comisi\u00f3n Interamericana de Derechos Humanos.<\/p>\n\n\n\n<p>Fue directora para las Am\u00e9ricas de la Iniciativa de Mujeres en la organizaci\u00f3n Disability Right Internacional. Es representante de las v\u00edctimas en los casos de feminicidio de mariana Lima Buend\u00eda, Lesvy Berl\u00edn Rivera Osorio, Mayra Abigail Guerrero Mondrag\u00f3n, Mariana Y\u00e1\u00f1ez Reyes, entre otras.<\/p>\n\n\n\n<p>Karla Micheel Salas Ram\u00edrez es bogada feminista y defensora de los derechos humanos con experiencia en litigio penal e internacional. Directora del Grupo de Acci\u00f3n por los Derechos Humanos y la Justicia Social, A.C. Desde 2004 coordin\u00f3 el trabajo jur\u00eddico de la representaci\u00f3n de las v\u00edctimas en el caso Campo Algodonero vs M\u00e9xico, sentencia emitida por la Corte Interamericana de Derechos Humanos en el 2009, parte del equipo de litigio en el caso Digna Ochoa y Pl\u00e1cido, primer caso sobre el asesinato de una defensora de Derechos Humanos en M\u00e9xico ante el Tribunal Interamericano.<\/p>\n\n\n\n<p>Desde 2019 consultora para la Iniciativa Spotlight de la ONU. Jueza en tres a\u00f1os del Tribunal de Conciencia de Justicia para las Mujeres en El Salvador y Nicaragua.<\/p>\n\n\n\n<p>El Tribunal Feminista contra el Feminicidio en Oaxaca estar\u00e1 ubicado en la explanada de la \u201cMonumenta\u201d, en la fuente de las Ocho Regiones.<\/p>\n","protected":false},"excerpt":{"rendered":"<p>Redacci\u00f3n\/Zona Roja. Oaxaca de Ju\u00e1rez, Oax., 27 de noviembre de 2021.- Los d\u00edas 29 y&hellip;<\/p>\n","protected":false},"author":2,"featured_media":34736,"comment_status":"closed","ping_status":"open","sticky":false,"template":"","format":"standard","meta":{"_lmt_disableupdate":"","_lmt_disable":"","_jetpack_memberships_contains_paid_content":false,"footnotes":""},"categories":[109,46],"tags":[548],"class_list":["post-34742","post","type-post","status-publish","format-standard","has-post-thumbnail","hentry","category-minuto-a-minuto","category-zona-blanca","tag-consorcio-oaxaca"],"jetpack_featured_media_url":"https:\/\/zonaroja.com.mx\/wp-content\/uploads\/2021\/11\/Tribunal-Feminista-Oaxaca.jpg","jetpack_sharing_enabled":true,"_links":{"self":[{"href":"https:\/\/zonaroja.com.mx\/index.php?rest_route=\/wp\/v2\/posts\/34742","targetHints":{"allow":["GET"]}}],"collection":[{"href":"https:\/\/zonaroja.com.mx\/index.php?rest_route=\/wp\/v2\/posts"}],"about":[{"href":"https:\/\/zonaroja.com.mx\/index.php?rest_route=\/wp\/v2\/types\/post"}],"author":[{"embeddable":true,"href":"https:\/\/zonaroja.com.mx\/index.php?rest_route=\/wp\/v2\/users\/2"}],"replies":[{"embeddable":true,"href":"https:\/\/zonaroja.com.mx\/index.php?rest_route=%2Fwp%2Fv2%2Fcomments&post=34742"}],"version-history":[{"count":1,"href":"https:\/\/zonaroja.com.mx\/index.php?rest_route=\/wp\/v2\/posts\/34742\/revisions"}],"predecessor-version":[{"id":34743,"href":"https:\/\/zonaroja.com.mx\/index.php?rest_route=\/wp\/v2\/posts\/34742\/revisions\/34743"}],"wp:featuredmedia":[{"embeddable":true,"href":"https:\/\/zonaroja.com.mx\/index.php?rest_route=\/wp\/v2\/media\/34736"}],"wp:attachment":[{"href":"https:\/\/zonaroja.com.mx\/index.php?rest_route=%2Fwp%2Fv2%2Fmedia&parent=34742"}],"wp:term":[{"taxonomy":"category","embeddable":true,"href":"https:\/\/zonaroja.com.mx\/index.php?rest_route=%2Fwp%2Fv2%2Fcategories&post=34742"},{"taxonomy":"post_tag","embeddable":true,"href":"https:\/\/zonaroja.com.mx\/index.php?rest_route=%2Fwp%2Fv2%2Ftags&post=34742"}],"curies":[{"name":"wp","href":"https:\/\/api.w.org\/{rel}","templated":true}]}}