{"id":34749,"date":"2021-11-27T08:04:15","date_gmt":"2021-11-27T14:04:15","guid":{"rendered":"http:\/\/www.zonaroja.com.mx\/?p=34749"},"modified":"2021-11-27T08:04:18","modified_gmt":"2021-11-27T14:04:18","slug":"grupo-armado-se-apodera-de-obras-de-supercarretera-oaxaca-istmo","status":"publish","type":"post","link":"https:\/\/zonaroja.com.mx\/?p=34749","title":{"rendered":"Grupo armado se apodera de obras de supercarretera Oaxaca-Istmo"},"content":{"rendered":"\n<p>Ismael Garc\u00eda M.\/Zona Roja.<\/p>\n\n\n\n<p>Oaxaca de Ju\u00e1rez, Oax., 27 de noviembre de 2021.- Un grupo armado, presuntamente organizado por transportistas, se apoder\u00f3 desde hace un mes de las obras e instalaciones de empresas en la supercarretera Oaxaca-Istmo, en la zona Mixe.<\/p>\n\n\n\n<p>Desde el mi\u00e9rcoles pasado, pobladores y transportistas de Santo Domingo Tepuxtepec Mixe, demandaron la intervenci\u00f3n de las autoridades estatales y federales, debido a que constantemente son intimidados por gente con armas de grueso calibre.<\/p>\n\n\n\n<p>Ayer se dieron a conocer fotograf\u00edas y videos en que se aprecian a individuos con armas largas, que custodian una planta de concreto denominada \u201cFortalece\u201d, que se ubica a la altura del kil\u00f3metro 83 de la supercarretera Oaxaca-Istmo, que se prev\u00e9 hoy supervise v\u00eda a\u00e9rea el Presidente Andr\u00e9s Manuel L\u00f3pez Obrador.<\/p>\n\n\n\n<p>Seg\u00fan denunciaron autoridades, pobladores y transportistas, dicho grupo armado es alentado por la Confederaci\u00f3n Internacional de Trabajadores (CIT), que a nivel nacional encabeza Napole\u00f3n G\u00f3mez Urrutia y en la entidad por Hip\u00f3lito Rojas, este \u00faltimo bajo supuesta protecci\u00f3n de Marcos S\u00e1nchez.<\/p>\n\n\n\n<p>Los afectados han demandado la urgente intervenci\u00f3n y presencia de la Guardia Nacional y la Polic\u00eda Estatal; sin embargo, expusieron, hasta el momento no hay respuesta a ello.<\/p>\n\n\n\n<p>Este jueves efectuaron una protesta pac\u00edfica, en que denunciaron que desde el 19 de octubre se encuentra \u201ctomada\u201d la planta de concreto y en consecuencia los trabajos de la supercarretera.<\/p>\n\n\n\n<p>Por otra parte, desde el pasado martes un grupo de transportistas de la zona Mixe protest\u00f3 en el z\u00f3calo la Ciudad de M\u00e9xico, para exigir intervenci\u00f3n de las autoridades federales, a fin de que se les paguen trabajos de acarreo en dicha obra, que realizan en el tramo Mitla-Tehuantepec.<\/p>\n\n\n\n<p>Los inconformes lamentaron que no se alcanzaran acuerdos favorables tras una reuni\u00f3n que sostuvieron el mi\u00e9rcoles con representantes de la secretaria de Comunicaciones y Transportes.<\/p>\n\n\n\n<p>Denunciaron que no cuentan con los recursos necesarios para regresar a sus comunidades y, por ello, solicitaron atenci\u00f3n inmediata por parte de las autoridades federales. Asimismo, demandan la atenci\u00f3n a la problem\u00e1tica de transportistas en Tepuxtepec Mixe.<\/p>\n","protected":false},"excerpt":{"rendered":"<p>Ismael Garc\u00eda M.\/Zona Roja. Oaxaca de Ju\u00e1rez, Oax., 27 de noviembre de 2021.- Un grupo&hellip;<\/p>\n","protected":false},"author":2,"featured_media":34739,"comment_status":"closed","ping_status":"open","sticky":false,"template":"","format":"standard","meta":{"_lmt_disableupdate":"","_lmt_disable":"","_jetpack_memberships_contains_paid_content":false,"footnotes":""},"categories":[109,47],"tags":[2953],"class_list":["post-34749","post","type-post","status-publish","format-standard","has-post-thumbnail","hentry","category-minuto-a-minuto","category-zona-gris","tag-supercarretera-oaxaca-istmo"],"jetpack_featured_media_url":"https:\/\/zonaroja.com.mx\/wp-content\/uploads\/2021\/11\/Grupo-armado-supercarretera-al-Istmo.jpg","jetpack_sharing_enabled":true,"_links":{"self":[{"href":"https:\/\/zonaroja.com.mx\/index.php?rest_route=\/wp\/v2\/posts\/34749","targetHints":{"allow":["GET"]}}],"collection":[{"href":"https:\/\/zonaroja.com.mx\/index.php?rest_route=\/wp\/v2\/posts"}],"about":[{"href":"https:\/\/zonaroja.com.mx\/index.php?rest_route=\/wp\/v2\/types\/post"}],"author":[{"embeddable":true,"href":"https:\/\/zonaroja.com.mx\/index.php?rest_route=\/wp\/v2\/users\/2"}],"replies":[{"embeddable":true,"href":"https:\/\/zonaroja.com.mx\/index.php?rest_route=%2Fwp%2Fv2%2Fcomments&post=34749"}],"version-history":[{"count":1,"href":"https:\/\/zonaroja.com.mx\/index.php?rest_route=\/wp\/v2\/posts\/34749\/revisions"}],"predecessor-version":[{"id":34750,"href":"https:\/\/zonaroja.com.mx\/index.php?rest_route=\/wp\/v2\/posts\/34749\/revisions\/34750"}],"wp:featuredmedia":[{"embeddable":true,"href":"https:\/\/zonaroja.com.mx\/index.php?rest_route=\/wp\/v2\/media\/34739"}],"wp:attachment":[{"href":"https:\/\/zonaroja.com.mx\/index.php?rest_route=%2Fwp%2Fv2%2Fmedia&parent=34749"}],"wp:term":[{"taxonomy":"category","embeddable":true,"href":"https:\/\/zonaroja.com.mx\/index.php?rest_route=%2Fwp%2Fv2%2Fcategories&post=34749"},{"taxonomy":"post_tag","embeddable":true,"href":"https:\/\/zonaroja.com.mx\/index.php?rest_route=%2Fwp%2Fv2%2Ftags&post=34749"}],"curies":[{"name":"wp","href":"https:\/\/api.w.org\/{rel}","templated":true}]}}