{"id":3476,"date":"2019-08-28T20:10:36","date_gmt":"2019-08-29T01:10:36","guid":{"rendered":"http:\/\/www.zonaroja.com.mx\/?p=3476"},"modified":"2019-08-28T20:10:39","modified_gmt":"2019-08-29T01:10:39","slug":"un-desaparecido-y-perdidas-materiales-cuantiosas-en-incendio-de-fabrica-de-resina","status":"publish","type":"post","link":"https:\/\/zonaroja.com.mx\/?p=3476","title":{"rendered":"Un desaparecido y p\u00e9rdidas materiales cuantiosas, en incendio de f\u00e1brica de resina"},"content":{"rendered":"\n<p>Ismael Garc\u00eda M.\/Zona Roja.<\/p>\n\n\n\n<p>Santa Catarina Ixtepeji, Ixtl\u00e1n, Oax., 28 de agosto de 2019.-\nUna persona desaparecida y p\u00e9rdidas materiales cuantiosas es el saldo\npreliminar del incendio de una f\u00e1brica comunal procesadora de resina, ubicada\nen el municipio de Santa Catarina Ixtepeji, en la colindancia con Tlalixtac de\nCabrera, Oaxaca.<\/p>\n\n\n\n<p>La explosi\u00f3n ocurri\u00f3 minutos antes de las 18:00 hora, en el\ncentro de almacenamiento ubicado a unos 20 kil\u00f3metros de la capital oaxaque\u00f1a y\nlas causas a\u00fan se desconocen; en el sitio se resguardaban al menos 80 toneladas\nde resina y brea.<\/p>\n\n\n\n<p>Personal del Heroico Cuerpo de Bomberos arrib\u00f3 al lugar para atender la contingencia, con el respaldo de polic\u00edas municipales, estatales y federales, as\u00ed como la presencia de la Guardia Nacional.<\/p>\n\n\n\n<figure class=\"wp-block-embed-twitter wp-block-embed is-type-rich is-provider-twitter\"><div class=\"wp-block-embed__wrapper\">\n<div class=\"twitter-tweet\"><blockquote class=\"twitter-tweet\" data-lang=\"es\"><p lang=\"es\" dir=\"ltr\">El saldo hasta el momento, p\u00e9rdida total a causa del incendio en la f\u00e1brica de procesamiento de resina ubicada en jurisdicci\u00f3n de Ixtepeji, asi como una persona desaparecida; <a href=\"https:\/\/twitter.com\/Bomberos_GobOax?ref_src=twsrc%5Etfw\">@Bomberos_GobOax<\/a> ya logr\u00f3 controlar pr\u00e1cticamente todo; cerrado el paso a Ixtl\u00e1n. <a href=\"https:\/\/t.co\/gfNZIRnXz2\">pic.twitter.com\/gfNZIRnXz2<\/a><\/p>&mdash; Zona Roja Oaxaca (@MexRoja) <a href=\"https:\/\/twitter.com\/MexRoja\/status\/1166872702747074560?ref_src=twsrc%5Etfw\">29 de agosto de 2019<\/a><\/blockquote><\/div>\n<\/div><\/figure>\n\n\n\n<p>Seg\u00fan los primeros datos del jefe de Bomberos, Manuel Maza\nS\u00e1nchez, los aproximadamente seis mil metros cuadrados que conforman la f\u00e1brica\nse siniestraron en su totalidad y en el lugar hab\u00eda materiales altamente\nflamables y explosivos.<\/p>\n\n\n\n<p>El Gobierno del Estado inform\u00f3 de manera preliminar que hay\nuna persona desaparecida, identificada como Enrique E. R., de 20 a\u00f1os de edad,\nquien cuidaba el lugar, seg\u00fan report\u00f3 la autoridad local.<\/p>\n","protected":false},"excerpt":{"rendered":"<p>Ismael Garc\u00eda M.\/Zona Roja. Santa Catarina Ixtepeji, Ixtl\u00e1n, Oax., 28 de agosto de 2019.- Una&hellip;<\/p>\n","protected":false},"author":2,"featured_media":3477,"comment_status":"closed","ping_status":"open","sticky":false,"template":"","format":"standard","meta":{"_lmt_disableupdate":"","_lmt_disable":"","_jetpack_memberships_contains_paid_content":false,"footnotes":""},"categories":[109,47],"tags":[632],"class_list":["post-3476","post","type-post","status-publish","format-standard","has-post-thumbnail","hentry","category-minuto-a-minuto","category-zona-gris","tag-incendio-fabrica-de-resina"],"jetpack_featured_media_url":"https:\/\/zonaroja.com.mx\/wp-content\/uploads\/2019\/08\/CEPCO-2.jpeg","jetpack_sharing_enabled":true,"_links":{"self":[{"href":"https:\/\/zonaroja.com.mx\/index.php?rest_route=\/wp\/v2\/posts\/3476","targetHints":{"allow":["GET"]}}],"collection":[{"href":"https:\/\/zonaroja.com.mx\/index.php?rest_route=\/wp\/v2\/posts"}],"about":[{"href":"https:\/\/zonaroja.com.mx\/index.php?rest_route=\/wp\/v2\/types\/post"}],"author":[{"embeddable":true,"href":"https:\/\/zonaroja.com.mx\/index.php?rest_route=\/wp\/v2\/users\/2"}],"replies":[{"embeddable":true,"href":"https:\/\/zonaroja.com.mx\/index.php?rest_route=%2Fwp%2Fv2%2Fcomments&post=3476"}],"version-history":[{"count":1,"href":"https:\/\/zonaroja.com.mx\/index.php?rest_route=\/wp\/v2\/posts\/3476\/revisions"}],"predecessor-version":[{"id":3478,"href":"https:\/\/zonaroja.com.mx\/index.php?rest_route=\/wp\/v2\/posts\/3476\/revisions\/3478"}],"wp:featuredmedia":[{"embeddable":true,"href":"https:\/\/zonaroja.com.mx\/index.php?rest_route=\/wp\/v2\/media\/3477"}],"wp:attachment":[{"href":"https:\/\/zonaroja.com.mx\/index.php?rest_route=%2Fwp%2Fv2%2Fmedia&parent=3476"}],"wp:term":[{"taxonomy":"category","embeddable":true,"href":"https:\/\/zonaroja.com.mx\/index.php?rest_route=%2Fwp%2Fv2%2Fcategories&post=3476"},{"taxonomy":"post_tag","embeddable":true,"href":"https:\/\/zonaroja.com.mx\/index.php?rest_route=%2Fwp%2Fv2%2Ftags&post=3476"}],"curies":[{"name":"wp","href":"https:\/\/api.w.org\/{rel}","templated":true}]}}