{"id":34766,"date":"2021-11-27T21:15:27","date_gmt":"2021-11-28T03:15:27","guid":{"rendered":"http:\/\/www.zonaroja.com.mx\/?p=34766"},"modified":"2021-11-27T21:15:32","modified_gmt":"2021-11-28T03:15:32","slug":"coinciden-lideres-sociales-y-comunidades-en-promover-democracia-y-pluralidad","status":"publish","type":"post","link":"https:\/\/zonaroja.com.mx\/?p=34766","title":{"rendered":"Coinciden l\u00edderes sociales y comunidades en promover democracia y pluralidad"},"content":{"rendered":"\n<p>Redacci\u00f3n\/Zona Roja.<\/p>\n\n\n\n<p>Oaxaca de Ju\u00e1rez, Oax., 27 de noviembre de 2021.- Este s\u00e1bado, dirigentes sociales y representantes de comunidades coincidieron en promover la unidad, la democracia y el respeto, en el marco del proceso electoral.<\/p>\n\n\n\n<p>Durante una conferencia de prensa, al que fue convocada Heliodoro D\u00edaz Esc\u00e1rraga, y en presencia de Jes\u00fas Madrid Jim\u00e9nez, Elpidio Concha Arellano y Ver\u00f3nica P\u00e9rez Peralta, fue presentado el \u201cMovimiento Oaxaca 2022\u201d.<\/p>\n\n\n\n<p>Se trata de una asociaci\u00f3n civil conformado por ciudadanos con posiciones pol\u00edticas incluyentes, plurales y democr\u00e1ticas, que ponen a Oaxaca por encima de partidos e intereses personales.<\/p>\n\n\n\n<p>\u00bfQui\u00e9n est\u00e1 a la altura de lo que Oaxaca requiere y necesita? Es la pregunta que deben formularse los partidos pol\u00edticos y liderazgos al momento de designar candidatos para Gobernador en el a\u00f1o 2022, coincidieron integrantes del colectivo, se dio a conocer en un posicionamiento.<\/p>\n\n\n\n<p>Puntualizaron que es necesario presentar y aterrizar un plan de gobierno, con objetivos claros y sustento t\u00e9cnico, con un diagn\u00f3stico de la intrincada geograf\u00eda y la diversificada realidad social del estado ya que la sola aspiraci\u00f3n no legitima las ansias de gobierno de nadie.<\/p>\n\n\n\n<figure class=\"wp-block-embed is-type-rich is-provider-twitter wp-block-embed-twitter\"><div class=\"wp-block-embed__wrapper\">\n<div class=\"twitter-tweet\"><blockquote class=\"twitter-tweet\" data-lang=\"es\"><p lang=\"es\" dir=\"ltr\"><a href=\"https:\/\/twitter.com\/hashtag\/%C3%9AltimoMinuto?src=hash&amp;ref_src=twsrc%5Etfw\">#\u00daltimoMinuto<\/a><br>2. Quienes acudieron a este encuentro este d\u00eda, al que fue convocado <a href=\"https:\/\/twitter.com\/Heliodoro_hcde?ref_src=twsrc%5Etfw\">@Heliodoro_hcde<\/a>, coincidieron en la necesidad de unificar esfuerzos con el \u00fanico fin de seguir impulsando el desarrollo del estado, particularmente de las comunidades ind\u00edgenas. <a href=\"https:\/\/t.co\/WzkoduqM3j\">pic.twitter.com\/WzkoduqM3j<\/a><\/p>&mdash; Zona Roja Oaxaca (@Zona_Roja_Oax) <a href=\"https:\/\/twitter.com\/Zona_Roja_Oax\/status\/1464792953793175562?ref_src=twsrc%5Etfw\">28 de noviembre de 2021<\/a><\/blockquote><\/div>\n<\/div><\/figure>\n\n\n\n<p>Asimismo, se deben considerar los proyectos estrat\u00e9gicos para Oaxaca, mismos que exigen una preparaci\u00f3n profesional y experiencia administrativa que consolide lo que est\u00e1 en camino.<\/p>\n\n\n\n<p>Por lo anterior, enfatizaron que los posibles candidatos y el futuro gobernador debe tener conocimiento puntual de las realidades de Oaxaca y una respuesta aterrizada en planes, programas y pol\u00edticas p\u00fablicas; saber y tener experiencia en gobernabilidad, de Estado de Derecho, de debido proceso, seguridad p\u00fablica, de derechos humanos, pol\u00edtica social, econ\u00f3mica y sustentables, por mencionar algunos.<\/p>\n\n\n\n<p>Adem\u00e1s de demostrar su trayectoria, experiencia administrativa y preparaci\u00f3n pol\u00edtica, servicio p\u00fablico que avale su dominio de la realidad cultural, social y econ\u00f3mica de Oaxaca, \u00e9tica personal, probidad y solvencia moral; as\u00ed como, poder evaluarse el origen de su patrimonio, acreditar la fuente l\u00edcita de sus bienes, los suyos y los de su entorno inmediato.<\/p>\n\n\n\n<p>Finalmente, exhortan a trabajar e impulsar una opini\u00f3n p\u00fablica amplia e incluyente, un debate abierto m\u00e1s all\u00e1 de los partidos, en donde se someta a escrutinio a los partidos y a los aspirantes.<\/p>\n","protected":false},"excerpt":{"rendered":"<p>Redacci\u00f3n\/Zona Roja. Oaxaca de Ju\u00e1rez, Oax., 27 de noviembre de 2021.- Este s\u00e1bado, dirigentes sociales&hellip;<\/p>\n","protected":false},"author":2,"featured_media":34767,"comment_status":"closed","ping_status":"open","sticky":false,"template":"","format":"standard","meta":{"_lmt_disableupdate":"","_lmt_disable":"","_jetpack_memberships_contains_paid_content":false,"footnotes":""},"categories":[109,46],"tags":[1649],"class_list":["post-34766","post","type-post","status-publish","format-standard","has-post-thumbnail","hentry","category-minuto-a-minuto","category-zona-blanca","tag-heliodoro-diaz-escarraga"],"jetpack_featured_media_url":"https:\/\/zonaroja.com.mx\/wp-content\/uploads\/2021\/11\/Heliodoro-Diaz-y-asociacion-civil-ciudadanos-Oaxaca.jpg","jetpack_sharing_enabled":true,"_links":{"self":[{"href":"https:\/\/zonaroja.com.mx\/index.php?rest_route=\/wp\/v2\/posts\/34766","targetHints":{"allow":["GET"]}}],"collection":[{"href":"https:\/\/zonaroja.com.mx\/index.php?rest_route=\/wp\/v2\/posts"}],"about":[{"href":"https:\/\/zonaroja.com.mx\/index.php?rest_route=\/wp\/v2\/types\/post"}],"author":[{"embeddable":true,"href":"https:\/\/zonaroja.com.mx\/index.php?rest_route=\/wp\/v2\/users\/2"}],"replies":[{"embeddable":true,"href":"https:\/\/zonaroja.com.mx\/index.php?rest_route=%2Fwp%2Fv2%2Fcomments&post=34766"}],"version-history":[{"count":1,"href":"https:\/\/zonaroja.com.mx\/index.php?rest_route=\/wp\/v2\/posts\/34766\/revisions"}],"predecessor-version":[{"id":34768,"href":"https:\/\/zonaroja.com.mx\/index.php?rest_route=\/wp\/v2\/posts\/34766\/revisions\/34768"}],"wp:featuredmedia":[{"embeddable":true,"href":"https:\/\/zonaroja.com.mx\/index.php?rest_route=\/wp\/v2\/media\/34767"}],"wp:attachment":[{"href":"https:\/\/zonaroja.com.mx\/index.php?rest_route=%2Fwp%2Fv2%2Fmedia&parent=34766"}],"wp:term":[{"taxonomy":"category","embeddable":true,"href":"https:\/\/zonaroja.com.mx\/index.php?rest_route=%2Fwp%2Fv2%2Fcategories&post=34766"},{"taxonomy":"post_tag","embeddable":true,"href":"https:\/\/zonaroja.com.mx\/index.php?rest_route=%2Fwp%2Fv2%2Ftags&post=34766"}],"curies":[{"name":"wp","href":"https:\/\/api.w.org\/{rel}","templated":true}]}}