{"id":34769,"date":"2021-11-27T21:22:00","date_gmt":"2021-11-28T03:22:00","guid":{"rendered":"http:\/\/www.zonaroja.com.mx\/?p=34769"},"modified":"2021-11-27T21:22:04","modified_gmt":"2021-11-28T03:22:04","slug":"supervisan-amlo-y-murat-avances-de-obra-carretera-en-el-istmo","status":"publish","type":"post","link":"https:\/\/zonaroja.com.mx\/?p=34769","title":{"rendered":"Supervisan AMLO y Murat avances de obra carretera en el Istmo"},"content":{"rendered":"\n<p>Redacci\u00f3n\/Zona Roja.<\/p>\n\n\n\n<p>Oaxaca de Ju\u00e1rez, Oax., 27 de noviembre de 2021.- En el marco de la gira de trabajo que por tres d\u00edas que lleva a cabo el Presidente Andr\u00e9s Manuel L\u00f3pez Obrador en Oaxaca, el gobernador Alejandro Murat Hinojosa y el mandatario nacional realizaron este s\u00e1bado la supervisi\u00f3n de la construcci\u00f3n y avance de la carretera del entronque Palomares II, que forma parte de la modernizaci\u00f3n de la carretera Acayucan- La Ventosa.<\/p>\n\n\n\n<p>El Ejecutivo estatal se\u00f1al\u00f3 que los trabajos de construcci\u00f3n del entronque Palomares II son parte de los proyectos del Corredor Interoce\u00e1nico de Tehuantepec, \u00abque ser\u00e1 el motor de crecimiento del sureste y de M\u00e9xico\u00bb.<\/p>\n\n\n\n<p>Desde el entronque de Palomares, en Mat\u00edas Romero, constataron el 73.27% del avance f\u00edsico que presenta esta obra a cargo de la Secretar\u00eda de Infraestructura, Comunicaciones y Transportes (SICT) a trav\u00e9s de Construcciones Civiles y Asesor\u00eda T\u00e9cnica S.A. de C.V, Ingenier\u00eda y Edificaci\u00f3n de los Tuxtlas S.A de C.V, y Constructora y Arrendadora de la Cuenca S.A de C.V.<\/p>\n\n\n\n<figure class=\"wp-block-embed is-type-rich is-provider-twitter wp-block-embed-twitter\"><div class=\"wp-block-embed__wrapper\">\n<div class=\"twitter-tweet\"><blockquote class=\"twitter-tweet\" data-lang=\"es\"><p lang=\"es\" dir=\"ltr\">Sin complicaciones, la gira del Presidente <a href=\"https:\/\/twitter.com\/lopezobrador_?ref_src=twsrc%5Etfw\">@lopezobrador_<\/a> en <a href=\"https:\/\/twitter.com\/hashtag\/Oaxaca?src=hash&amp;ref_src=twsrc%5Etfw\">#Oaxaca<\/a>. <br>Junto con el gobernador <a href=\"https:\/\/twitter.com\/alejandromurat?ref_src=twsrc%5Etfw\">@alejandromurat<\/a> supervis\u00f3 la construcci\u00f3n del Entronque Palomares II, de la carretera Acayucan-La Ventosa, con la que se busca consolidar el crecimiento y el desarrollo del Istmo. <a href=\"https:\/\/t.co\/yCeX1swkkE\">pic.twitter.com\/yCeX1swkkE<\/a><\/p>&mdash; Zona Roja Oaxaca (@Zona_Roja_Oax) <a href=\"https:\/\/twitter.com\/Zona_Roja_Oax\/status\/1464778449982210048?ref_src=twsrc%5Etfw\">28 de noviembre de 2021<\/a><\/blockquote><\/div>\n<\/div><\/figure>\n\n\n\n<p>Con la ejecuci\u00f3n de la construcci\u00f3n del entronque a desnivel que tiene un monto contratado por m\u00e1s de 160 millones de pesos, se pretende distribuir adecuadamente el tr\u00e1nsito de largo itinerario proveniente del Libramiento Palomares, as\u00ed como el acceso a la poblaci\u00f3n de Palomares.<\/p>\n\n\n\n<p>Estos trabajos que iniciaron el 1 de mayo de este a\u00f1o, se prev\u00e9n concluyan en marzo del 2022, asimismo, se pretende alcanzar un tr\u00e1nsito diario promedio de m\u00e1s de ocho mil veh\u00edculos por d\u00eda.<\/p>\n\n\n\n<p>La construcci\u00f3n y avance de la carretera del entronque Palomares II, lleva 2.4 km de longitud de desarrollo, con un volumen de corte de 201 mil 024 metros c\u00fabicos, adem\u00e1s una base hidr\u00e1ulica de 27 cent\u00edmetros (cm), base asf\u00e1ltica de 12 cm y una carpeta asf\u00e1ltica de 10 cm.<\/p>\n\n\n\n<p>Cabe se\u00f1alar, que con la supervisi\u00f3n de la construcci\u00f3n y avance de la carretera del entronque Palomares II, en la regi\u00f3n del Istmo, inicia la gira por tres d\u00edas del Presidente de M\u00e9xico al estado, en el que constatar\u00e1 tambi\u00e9n los trabajos de la carretera Oaxaca-Puerto Escondido, adem\u00e1s de la inauguraci\u00f3n de un camino rural en los Valles Centrales.<\/p>\n\n\n\n<p>(Comunicado)<\/p>\n\n\n\n<figure class=\"wp-block-embed is-type-rich is-provider-twitter wp-block-embed-twitter\"><div class=\"wp-block-embed__wrapper\">\n<div class=\"twitter-tweet\"><blockquote class=\"twitter-tweet\" data-lang=\"es\"><p lang=\"es\" dir=\"ltr\"><a href=\"https:\/\/twitter.com\/hashtag\/%C3%9AltimoMinuto?src=hash&amp;ref_src=twsrc%5Etfw\">#\u00daltimoMinuto<\/a> <br>Con protestas por parte de la Ucizoni y pobladores de la zona, fue recibido esta tarde-noche el Presidente <a href=\"https:\/\/twitter.com\/lopezobrador_?ref_src=twsrc%5Etfw\">@lopezobrador_<\/a> en <a href=\"https:\/\/twitter.com\/hashtag\/Palomares?src=hash&amp;ref_src=twsrc%5Etfw\">#Palomares<\/a>, Mat\u00edas Romero, <a href=\"https:\/\/twitter.com\/hashtag\/Oaxaca?src=hash&amp;ref_src=twsrc%5Etfw\">#Oaxaca<\/a>. <a href=\"https:\/\/t.co\/CUsbMQZuYs\">pic.twitter.com\/CUsbMQZuYs<\/a><\/p>&mdash; Zona Roja Oaxaca (@Zona_Roja_Oax) <a href=\"https:\/\/twitter.com\/Zona_Roja_Oax\/status\/1464772031665348610?ref_src=twsrc%5Etfw\">28 de noviembre de 2021<\/a><\/blockquote><\/div>\n<\/div><\/figure>\n","protected":false},"excerpt":{"rendered":"<p>Redacci\u00f3n\/Zona Roja. Oaxaca de Ju\u00e1rez, Oax., 27 de noviembre de 2021.- En el marco de&hellip;<\/p>\n","protected":false},"author":2,"featured_media":34770,"comment_status":"closed","ping_status":"open","sticky":false,"template":"","format":"standard","meta":{"_lmt_disableupdate":"","_lmt_disable":"","_jetpack_memberships_contains_paid_content":false,"footnotes":""},"categories":[109,46],"tags":[1536],"class_list":["post-34769","post","type-post","status-publish","format-standard","has-post-thumbnail","hentry","category-minuto-a-minuto","category-zona-blanca","tag-visita-andres-manuel-lopez-obrador-a-oaxaca"],"jetpack_featured_media_url":"https:\/\/zonaroja.com.mx\/wp-content\/uploads\/2021\/11\/AMH-02.jpg","jetpack_sharing_enabled":true,"_links":{"self":[{"href":"https:\/\/zonaroja.com.mx\/index.php?rest_route=\/wp\/v2\/posts\/34769","targetHints":{"allow":["GET"]}}],"collection":[{"href":"https:\/\/zonaroja.com.mx\/index.php?rest_route=\/wp\/v2\/posts"}],"about":[{"href":"https:\/\/zonaroja.com.mx\/index.php?rest_route=\/wp\/v2\/types\/post"}],"author":[{"embeddable":true,"href":"https:\/\/zonaroja.com.mx\/index.php?rest_route=\/wp\/v2\/users\/2"}],"replies":[{"embeddable":true,"href":"https:\/\/zonaroja.com.mx\/index.php?rest_route=%2Fwp%2Fv2%2Fcomments&post=34769"}],"version-history":[{"count":1,"href":"https:\/\/zonaroja.com.mx\/index.php?rest_route=\/wp\/v2\/posts\/34769\/revisions"}],"predecessor-version":[{"id":34771,"href":"https:\/\/zonaroja.com.mx\/index.php?rest_route=\/wp\/v2\/posts\/34769\/revisions\/34771"}],"wp:featuredmedia":[{"embeddable":true,"href":"https:\/\/zonaroja.com.mx\/index.php?rest_route=\/wp\/v2\/media\/34770"}],"wp:attachment":[{"href":"https:\/\/zonaroja.com.mx\/index.php?rest_route=%2Fwp%2Fv2%2Fmedia&parent=34769"}],"wp:term":[{"taxonomy":"category","embeddable":true,"href":"https:\/\/zonaroja.com.mx\/index.php?rest_route=%2Fwp%2Fv2%2Fcategories&post=34769"},{"taxonomy":"post_tag","embeddable":true,"href":"https:\/\/zonaroja.com.mx\/index.php?rest_route=%2Fwp%2Fv2%2Ftags&post=34769"}],"curies":[{"name":"wp","href":"https:\/\/api.w.org\/{rel}","templated":true}]}}