{"id":34772,"date":"2021-11-28T07:11:04","date_gmt":"2021-11-28T13:11:04","guid":{"rendered":"http:\/\/www.zonaroja.com.mx\/?p=34772"},"modified":"2021-11-28T07:11:08","modified_gmt":"2021-11-28T13:11:08","slug":"alerta-mundial-variante-de-covid-omicron-se-propaga-por-europa","status":"publish","type":"post","link":"https:\/\/zonaroja.com.mx\/?p=34772","title":{"rendered":"Alerta mundial: variante de Covid \u00d3micron se propaga por Europa"},"content":{"rendered":"\n<p>Redacci\u00f3n\/Zona Roja Cdmx.<\/p>\n\n\n\n<p>Ciudad de M\u00e9xico, 28 de noviembre de 2021.- Con casos identificados en el Reino Unido, Alemania, Italia y B\u00e9lgica, la preocupaci\u00f3n por la nueva variante \u00d3micron del Covid-19 aumentaba en el Viejo Continente ayer, mientras se acent\u00faa el aislamiento de varios pa\u00edses del sur de \u00c1frica.<\/p>\n\n\n\n<p>El primer ministro brit\u00e1nico, Boris Johnson, anunci\u00f3 un endurecimiento de las medidas de entrada en su pa\u00eds. Cualquier persona que llegue al Reino Unido, venga de donde venga, tendr\u00e1 que someterse a un test PCR y permanecer aislada hasta la obtenci\u00f3n del resultado. Adem\u00e1s, la mascarilla volver\u00e1 a ser obligatoria en los comercios.<\/p>\n\n\n\n<p>Previamente, el departamento de Salud Brit\u00e1nico hab\u00eda indicado que se \u00abha confirmado que se han identificado dos casos de COVID-19 con mutaciones compatibles con (la variante) B.1.1.529 en Reino Unido\u00bb, precisando que ambos est\u00e1n relacionados entre s\u00ed y que fueron identificados tras \u00abun viaje al sur de \u00c1frica\u00bb.<\/p>\n\n\n\n<p>M\u00e1s tarde, Alemania report\u00f3 dos infecciones por la cepa \u00d3micron en viajeros llegados de Sud\u00e1frica al aeropuerto de M\u00fanich, e inform\u00f3 de un caso sospechoso en una persona llegada a Fr\u00e1ncfort . Italia, por su parte, tambi\u00e9n detect\u00f3 un caso en la regi\u00f3n de N\u00e1poles, en un hombre que hab\u00eda regresado de Mozambique. B\u00e9lgica e Israel registraron casos el viernes.<\/p>\n\n\n\n<p>El Centro Europeo de Prevenci\u00f3n y Control de Enfermedades (ECDC) afirm\u00f3 que el riesgo de que la nueva variante del COVID-19 se expanda por Europa es \u00abde alto a muy alto\u00bb.<\/p>\n\n\n\n<p>En Pa\u00edses Bajos, 61 pasajeros de dos vuelos que aterrizaron el viernes en \u00c1msterdam procedentes de Johannesburgo dieron positivo al COVID-19 y fueron aislados en cuarentena, inform\u00f3 la autoridad sanitaria holandesa, que consider\u00f3 que la nueva variante \u00abprobablemente\u00bb se encuentre entre esos viajeros.<\/p>\n\n\n\n<p>ISRAEL SE A\u00cdSLA<\/p>\n\n\n\n<p>Israel dijo ayer que prohibir\u00e1 la entrada de todos los extranjeros al pa\u00eds y reintroducir\u00eda la tecnolog\u00eda de rastreo telef\u00f3nico, a fin de contener la propagaci\u00f3n de la nueva variante.<\/p>\n\n\n\n<p>Es el primer pa\u00eds en cerrar completamente sus fronteras por \u00d3micron, ha confirmado hasta ahora un caso de la variante y otros siete contagios sospechosos.&nbsp;<\/p>\n\n\n\n<p>(Informaci\u00f3n de \u201cEl Heraldo de M\u00e9xico\u201d)<\/p>\n","protected":false},"excerpt":{"rendered":"<p>Redacci\u00f3n\/Zona Roja Cdmx. Ciudad de M\u00e9xico, 28 de noviembre de 2021.- Con casos identificados en&hellip;<\/p>\n","protected":false},"author":2,"featured_media":34773,"comment_status":"closed","ping_status":"open","sticky":false,"template":"","format":"standard","meta":{"_lmt_disableupdate":"","_lmt_disable":"","_jetpack_memberships_contains_paid_content":false,"footnotes":""},"categories":[109,47],"tags":[2956],"class_list":["post-34772","post","type-post","status-publish","format-standard","has-post-thumbnail","hentry","category-minuto-a-minuto","category-zona-gris","tag-variante-covid-omicron"],"jetpack_featured_media_url":"https:\/\/zonaroja.com.mx\/wp-content\/uploads\/2021\/11\/variante-Covid-coroavirus-Omicron.jpg","jetpack_sharing_enabled":true,"_links":{"self":[{"href":"https:\/\/zonaroja.com.mx\/index.php?rest_route=\/wp\/v2\/posts\/34772","targetHints":{"allow":["GET"]}}],"collection":[{"href":"https:\/\/zonaroja.com.mx\/index.php?rest_route=\/wp\/v2\/posts"}],"about":[{"href":"https:\/\/zonaroja.com.mx\/index.php?rest_route=\/wp\/v2\/types\/post"}],"author":[{"embeddable":true,"href":"https:\/\/zonaroja.com.mx\/index.php?rest_route=\/wp\/v2\/users\/2"}],"replies":[{"embeddable":true,"href":"https:\/\/zonaroja.com.mx\/index.php?rest_route=%2Fwp%2Fv2%2Fcomments&post=34772"}],"version-history":[{"count":1,"href":"https:\/\/zonaroja.com.mx\/index.php?rest_route=\/wp\/v2\/posts\/34772\/revisions"}],"predecessor-version":[{"id":34774,"href":"https:\/\/zonaroja.com.mx\/index.php?rest_route=\/wp\/v2\/posts\/34772\/revisions\/34774"}],"wp:featuredmedia":[{"embeddable":true,"href":"https:\/\/zonaroja.com.mx\/index.php?rest_route=\/wp\/v2\/media\/34773"}],"wp:attachment":[{"href":"https:\/\/zonaroja.com.mx\/index.php?rest_route=%2Fwp%2Fv2%2Fmedia&parent=34772"}],"wp:term":[{"taxonomy":"category","embeddable":true,"href":"https:\/\/zonaroja.com.mx\/index.php?rest_route=%2Fwp%2Fv2%2Fcategories&post=34772"},{"taxonomy":"post_tag","embeddable":true,"href":"https:\/\/zonaroja.com.mx\/index.php?rest_route=%2Fwp%2Fv2%2Ftags&post=34772"}],"curies":[{"name":"wp","href":"https:\/\/api.w.org\/{rel}","templated":true}]}}