{"id":34775,"date":"2021-11-28T07:55:22","date_gmt":"2021-11-28T13:55:22","guid":{"rendered":"http:\/\/www.zonaroja.com.mx\/?p=34775"},"modified":"2021-11-28T07:55:27","modified_gmt":"2021-11-28T13:55:27","slug":"tribunal-electoral-confirma-agravio-en-el-pup-para-renovar-dirigencia","status":"publish","type":"post","link":"https:\/\/zonaroja.com.mx\/?p=34775","title":{"rendered":"Tribunal Electoral confirma agravio en el PUP para renovar dirigencia"},"content":{"rendered":"\n<p>Yuridiana Sosa\/Zona Roja.<\/p>\n\n\n\n<p>Oaxaca de Ju\u00e1rez, Oax., 28 de noviembre de 2021.- El Tribunal Electoral del Estado de Oaxaca (TEEO) declar\u00f3 fundado el agravio del Partido Unidad Popular (PUP), que a\u00fan dirige Uriel D\u00edaz Caballero, por negarse a dar contestaci\u00f3n a la denuncia interpuesta con integrantes del partido, con el fin de renovar la dirigencia.<\/p>\n\n\n\n<p>El planteamiento, bajo el expediente JDC\/287\/2021, fue presentado por Santiago Garc\u00eda Sandoval y Daniel \u00c1vila Serrano, secretario General y secretario de Organizaci\u00f3n, respectivamente, del Comit\u00e9 Ejecutivo Estatal del PUP.<\/p>\n\n\n\n<p>La resoluci\u00f3n del TEEO indic\u00f3 que se fundament\u00f3 el agravio \u201cal considerar que dicha comisi\u00f3n ha abandonado su deber de impartir justicia al retardar la emisi\u00f3n de la resoluci\u00f3n correspondiente\u201d.<\/p>\n\n\n\n<p>El organismo electoral detall\u00f3 que \u201cde las constancias que obran en el expediente se desprende que desde que la Comisi\u00f3n tuvo por recibida la denuncia de los actores del d\u00eda al d\u00eda de hoy han transcurrido 92 d\u00edas sin que al menos se haya se\u00f1alado fecha para la diligencia de pruebas testigos y alegatos\u201d.<\/p>\n\n\n\n<p>En junio de este a\u00f1o, los dirigentes del PUP se\u00f1alaron en conferencia de prensa que el a\u00f1o pasado el partido debi\u00f3 efectuar el proceso de renovaci\u00f3n de dirigencia, para lo cual no perciben ning\u00fan indicio para su realizaci\u00f3n.<\/p>\n\n\n\n<p>As\u00ed como que, ante diversas irregularidades dentro del instituto pol\u00edtico, enviaron un escrito a Uriel D\u00edaz Caballero, para que emita una nueva convocatoria, pero no tuvieron respuesta, por lo que recurrieron al TEEO para que se pueda efectuar una asamblea general.<\/p>\n\n\n\n<p>Garc\u00eda Sandoval y \u00c1vila Serrano apuntaron que en 12 a\u00f1os de Uriel D\u00edaz como presidente del PUP el partido ha ido perdiendo fuerza y acusaron opacidad en el manejo de los recursos millonarios que recibe el partido.<\/p>\n","protected":false},"excerpt":{"rendered":"<p>Yuridiana Sosa\/Zona Roja. Oaxaca de Ju\u00e1rez, Oax., 28 de noviembre de 2021.- El Tribunal Electoral&hellip;<\/p>\n","protected":false},"author":2,"featured_media":34776,"comment_status":"closed","ping_status":"open","sticky":false,"template":"","format":"standard","meta":{"_lmt_disableupdate":"","_lmt_disable":"","_jetpack_memberships_contains_paid_content":false,"footnotes":""},"categories":[109,47],"tags":[2957],"class_list":["post-34775","post","type-post","status-publish","format-standard","has-post-thumbnail","hentry","category-minuto-a-minuto","category-zona-gris","tag-partido-unidad-popular-oaxaca"],"jetpack_featured_media_url":"https:\/\/zonaroja.com.mx\/wp-content\/uploads\/2021\/11\/Partido-Unidad-Popular-Oaxaca.jpg","jetpack_sharing_enabled":true,"_links":{"self":[{"href":"https:\/\/zonaroja.com.mx\/index.php?rest_route=\/wp\/v2\/posts\/34775","targetHints":{"allow":["GET"]}}],"collection":[{"href":"https:\/\/zonaroja.com.mx\/index.php?rest_route=\/wp\/v2\/posts"}],"about":[{"href":"https:\/\/zonaroja.com.mx\/index.php?rest_route=\/wp\/v2\/types\/post"}],"author":[{"embeddable":true,"href":"https:\/\/zonaroja.com.mx\/index.php?rest_route=\/wp\/v2\/users\/2"}],"replies":[{"embeddable":true,"href":"https:\/\/zonaroja.com.mx\/index.php?rest_route=%2Fwp%2Fv2%2Fcomments&post=34775"}],"version-history":[{"count":1,"href":"https:\/\/zonaroja.com.mx\/index.php?rest_route=\/wp\/v2\/posts\/34775\/revisions"}],"predecessor-version":[{"id":34777,"href":"https:\/\/zonaroja.com.mx\/index.php?rest_route=\/wp\/v2\/posts\/34775\/revisions\/34777"}],"wp:featuredmedia":[{"embeddable":true,"href":"https:\/\/zonaroja.com.mx\/index.php?rest_route=\/wp\/v2\/media\/34776"}],"wp:attachment":[{"href":"https:\/\/zonaroja.com.mx\/index.php?rest_route=%2Fwp%2Fv2%2Fmedia&parent=34775"}],"wp:term":[{"taxonomy":"category","embeddable":true,"href":"https:\/\/zonaroja.com.mx\/index.php?rest_route=%2Fwp%2Fv2%2Fcategories&post=34775"},{"taxonomy":"post_tag","embeddable":true,"href":"https:\/\/zonaroja.com.mx\/index.php?rest_route=%2Fwp%2Fv2%2Ftags&post=34775"}],"curies":[{"name":"wp","href":"https:\/\/api.w.org\/{rel}","templated":true}]}}