{"id":34778,"date":"2021-11-28T08:00:08","date_gmt":"2021-11-28T14:00:08","guid":{"rendered":"http:\/\/www.zonaroja.com.mx\/?p=34778"},"modified":"2021-11-28T10:32:56","modified_gmt":"2021-11-28T16:32:56","slug":"martha-izquierdo-la-tiktoker-oaxaquena-que-llego-al-the-new-york-times","status":"publish","type":"post","link":"https:\/\/zonaroja.com.mx\/?p=34778","title":{"rendered":"Martha Izquierdo, la \u201ctiktoker\u201d oaxaque\u00f1a que lleg\u00f3 al \u201cThe New York Times\u201d"},"content":{"rendered":"\n<p>Redacci\u00f3n\/Zona Roja Cdmx.<\/p>\n\n\n\n<p>Ciudad de M\u00e9xico, 28 de noviembre de 2021.- Seguramente ha aparecido en tu \u2018timeline\u2019 de TikTok y hasta has adaptado su frase \u00abEl \u2018outfit\u2019 de hoy es\u2026\u00bb. Hablamos de Martha Izquierdo, una mujer de origen veracruzano que se ha vuelto viral en m\u00e1s de una ocasi\u00f3n por su clips en la red social.<\/p>\n\n\n\n<p>Pero muchos desconocen la historia detr\u00e1s de ella. Es periodista, super\u00f3 el c\u00e1ncer en dos ocasiones (ovario y est\u00f3mago), ha tenido dos infartos y enfrentado abusos f\u00edsicos y sexuales.<\/p>\n\n\n\n<p>De acuerdo a un perfil realizado por \u201cThe New York Times\u201d, Izquierdo abri\u00f3 su cuenta en la pandemia como una forma de concientizaci\u00f3n y para ver el lado positivo de una situaci\u00f3n que sigue aquejando al mundo.<\/p>\n\n\n\n<p>\u00abComenc\u00e9 a hablar sobre temas que ten\u00edan que ver con ver la vida de una manera positiva. Enfrentar tus miedos, hacer que la gente entienda que cada uno de nosotros es \u00fanico, insustituible\u00bb, mencion\u00f3 al medio estadounidense.<\/p>\n\n\n\n<p>Con diversos \u201coutfits\u201d o cambios de ropa, Martha muestra su mejor actitud ante la c\u00e1mara, hasta en los momentos en los que se le hace tarde para ir al trabajo.<\/p>\n\n\n\n<figure class=\"wp-block-embed\"><div class=\"wp-block-embed__wrapper\">\n<div class=\"twitter-tweet\"><blockquote class=\"twitter-tweet\" data-lang=\"es\"><p lang=\"en\" dir=\"ltr\">At 49, Martha Izquierdo may not fit your idea of a TikTok influencer. But having survived brushes with death, conquering social media and delighting viewers was a cinch. &quot;Today&#39;s outfit,&quot; she says in one video, sauntering up to the camera, &quot;is confidence.&quot;<a href=\"https:\/\/t.co\/aR9BhHt20j\">https:\/\/t.co\/aR9BhHt20j<\/a> <a href=\"https:\/\/t.co\/mHjFHY8SGw\">pic.twitter.com\/mHjFHY8SGw<\/a><\/p>&mdash; The New York Times (@nytimes) <a href=\"https:\/\/twitter.com\/nytimes\/status\/1464360840669409288?ref_src=twsrc%5Etfw\">26 de noviembre de 2021<\/a><\/blockquote><\/div>\n<\/div><\/figure>\n\n\n\n<p>La originaria de Veracruz, y que actualmente radica en Oaxaca, cuenta con varias d\u00e9cadas de experiencia en los medios de comunicaci\u00f3n. Actualmente forma parte de una radio local.<\/p>\n\n\n\n<p>Mostr\u00e1ndose como es ha logrado ganarse a miles de seguidores. Ya sea con prendas tradicionales o hasta en bikini comparte su \u00abconfianza\u00bb para que otros no se den por vencidos ante cualquier adversidad.<\/p>\n\n\n\n<p>En la entrevista realizada por el medio estadounidense comparti\u00f3 que fue violada en numerosas ocasiones desde los 9 a\u00f1os. Luego de a\u00f1os logr\u00f3 perdonar a su abusador gracias a la terapia.<\/p>\n\n\n\n<p>Esto porque de acuerdo a la \u201cTiktoker\u201d no debe vivir con resentimiento ni emociones \u00abnegativas\u00bb.<\/p>\n\n\n\n<p>Al principio recib\u00eda comentarios negativos pero al paso del tiempo dej\u00f3 de ser una preocupaci\u00f3n ya que considera que su objetivo en las redes es hacer feliz a las personas.<\/p>\n\n\n\n<p>(Diario \u201c24 Horas\u201d, con informaci\u00f3n de \u201cThe New York Times\u201d)<\/p>\n","protected":false},"excerpt":{"rendered":"<p>Redacci\u00f3n\/Zona Roja Cdmx. Ciudad de M\u00e9xico, 28 de noviembre de 2021.- Seguramente ha aparecido en&hellip;<\/p>\n","protected":false},"author":2,"featured_media":34779,"comment_status":"closed","ping_status":"open","sticky":false,"template":"","format":"standard","meta":{"_lmt_disableupdate":"","_lmt_disable":"","_jetpack_memberships_contains_paid_content":false,"footnotes":""},"categories":[109,46],"tags":[1603],"class_list":["post-34778","post","type-post","status-publish","format-standard","has-post-thumbnail","hentry","category-minuto-a-minuto","category-zona-blanca","tag-martha-izquierdo"],"jetpack_featured_media_url":"https:\/\/zonaroja.com.mx\/wp-content\/uploads\/2021\/11\/Martha-Izquierdo-periodista.jpg","jetpack_sharing_enabled":true,"_links":{"self":[{"href":"https:\/\/zonaroja.com.mx\/index.php?rest_route=\/wp\/v2\/posts\/34778","targetHints":{"allow":["GET"]}}],"collection":[{"href":"https:\/\/zonaroja.com.mx\/index.php?rest_route=\/wp\/v2\/posts"}],"about":[{"href":"https:\/\/zonaroja.com.mx\/index.php?rest_route=\/wp\/v2\/types\/post"}],"author":[{"embeddable":true,"href":"https:\/\/zonaroja.com.mx\/index.php?rest_route=\/wp\/v2\/users\/2"}],"replies":[{"embeddable":true,"href":"https:\/\/zonaroja.com.mx\/index.php?rest_route=%2Fwp%2Fv2%2Fcomments&post=34778"}],"version-history":[{"count":2,"href":"https:\/\/zonaroja.com.mx\/index.php?rest_route=\/wp\/v2\/posts\/34778\/revisions"}],"predecessor-version":[{"id":34781,"href":"https:\/\/zonaroja.com.mx\/index.php?rest_route=\/wp\/v2\/posts\/34778\/revisions\/34781"}],"wp:featuredmedia":[{"embeddable":true,"href":"https:\/\/zonaroja.com.mx\/index.php?rest_route=\/wp\/v2\/media\/34779"}],"wp:attachment":[{"href":"https:\/\/zonaroja.com.mx\/index.php?rest_route=%2Fwp%2Fv2%2Fmedia&parent=34778"}],"wp:term":[{"taxonomy":"category","embeddable":true,"href":"https:\/\/zonaroja.com.mx\/index.php?rest_route=%2Fwp%2Fv2%2Fcategories&post=34778"},{"taxonomy":"post_tag","embeddable":true,"href":"https:\/\/zonaroja.com.mx\/index.php?rest_route=%2Fwp%2Fv2%2Ftags&post=34778"}],"curies":[{"name":"wp","href":"https:\/\/api.w.org\/{rel}","templated":true}]}}