{"id":34796,"date":"2021-11-28T21:03:27","date_gmt":"2021-11-29T03:03:27","guid":{"rendered":"http:\/\/www.zonaroja.com.mx\/?p=34796"},"modified":"2021-11-28T21:03:31","modified_gmt":"2021-11-29T03:03:31","slug":"registra-oaxaca-en-una-semana-390-casos-de-covid-55-7-contagios-diario","status":"publish","type":"post","link":"https:\/\/zonaroja.com.mx\/?p=34796","title":{"rendered":"Registra Oaxaca en una semana 390 casos de Covid; 55.7 contagios diario"},"content":{"rendered":"\n<p>Redacci\u00f3n\/Zona Roja.<\/p>\n\n\n\n<p>Oaxaca de Ju\u00e1rez, Oax., a 28 de noviembre de 2021.- La dependencia Servicios de Salud de Oaxaca (SSO) inform\u00f3 que el riesgo de contagio a causa del virus SARS-CoV-2 es bajo, sin embargo, \u201cno debemos confiarnos ya que este coronavirus se encuentra activo en la mayor parte del territorio estatal\u201d.<\/p>\n\n\n\n<p>En un comunicado, detall\u00f3 que la disminuci\u00f3n de casos va unida a la disciplina en la aplicaci\u00f3n de las medidas sanitarias como es: el uso correcto del cubrebocas, mantener la sana distancia, evitar los lugares concurridos, as\u00ed como lavarse las manos con agua y jab\u00f3n.<\/p>\n\n\n\n<p>Inform\u00f3 que con base al \u00abLineamiento para la estimaci\u00f3n de riesgos del sem\u00e1foro por regiones\u00bb emitido por el Gobierno Federal, el estado permanecer\u00e1 del lunes 29 de noviembre hasta el domingo 12 de diciembre en sem\u00e1foro color verde.<\/p>\n\n\n\n<p>Mencion\u00f3 que, durante el per\u00edodo comprendido del 21 al 27 de noviembre, la entidad registr\u00f3 un acumulado de 83 mil 125 casos confirmados de Covid-19, observando un ligero descenso con respecto a la semana anterior, pasando de 416 a 390 registros esta semana.<\/p>\n\n\n\n<p>En tanto, el promedio de ocupaci\u00f3n hospitalaria para la atenci\u00f3n a pacientes con complicaciones derivadas de esta enfermedad fue de 24.7%. Adem\u00e1s, se reportaron 19 desafortunados decesos a causa de esta patolog\u00eda respiratoria.<\/p>\n\n\n\n<p>Asimismo, en este per\u00edodo fueron inmunizados contra el virus SARS-CoV-2 con el biol\u00f3gico Pfizer-BioNTech adolecentes de 12 a 17 a\u00f1os quienes cuentan con un amparo.<\/p>\n\n\n\n<p>Puso \u00e9nfasis al se\u00f1alar la importancia de que la poblaci\u00f3n se mantenga alerta \u201cmientras regresamos a nuestras actividades diarias, la vacunaci\u00f3n nos llevar\u00e1 en alg\u00fan momento a disminuir el riesgo de infecci\u00f3n, pero mientras esto suceda, ganemos tiempo, cuidemos nuestra salud y evitemos perder a nuestros seres queridos\u201d, subray\u00f3.<\/p>\n","protected":false},"excerpt":{"rendered":"<p>Redacci\u00f3n\/Zona Roja. Oaxaca de Ju\u00e1rez, Oax., a 28 de noviembre de 2021.- La dependencia Servicios&hellip;<\/p>\n","protected":false},"author":2,"featured_media":34797,"comment_status":"closed","ping_status":"open","sticky":false,"template":"","format":"standard","meta":{"_lmt_disableupdate":"","_lmt_disable":"","_jetpack_memberships_contains_paid_content":false,"footnotes":""},"categories":[109,47],"tags":[1512],"class_list":["post-34796","post","type-post","status-publish","format-standard","has-post-thumbnail","hentry","category-minuto-a-minuto","category-zona-gris","tag-coronavirus-oaxaca"],"jetpack_featured_media_url":"https:\/\/zonaroja.com.mx\/wp-content\/uploads\/2021\/11\/Calles-Oaxaca-Covid-coronavirus.jpg","jetpack_sharing_enabled":true,"_links":{"self":[{"href":"https:\/\/zonaroja.com.mx\/index.php?rest_route=\/wp\/v2\/posts\/34796","targetHints":{"allow":["GET"]}}],"collection":[{"href":"https:\/\/zonaroja.com.mx\/index.php?rest_route=\/wp\/v2\/posts"}],"about":[{"href":"https:\/\/zonaroja.com.mx\/index.php?rest_route=\/wp\/v2\/types\/post"}],"author":[{"embeddable":true,"href":"https:\/\/zonaroja.com.mx\/index.php?rest_route=\/wp\/v2\/users\/2"}],"replies":[{"embeddable":true,"href":"https:\/\/zonaroja.com.mx\/index.php?rest_route=%2Fwp%2Fv2%2Fcomments&post=34796"}],"version-history":[{"count":1,"href":"https:\/\/zonaroja.com.mx\/index.php?rest_route=\/wp\/v2\/posts\/34796\/revisions"}],"predecessor-version":[{"id":34798,"href":"https:\/\/zonaroja.com.mx\/index.php?rest_route=\/wp\/v2\/posts\/34796\/revisions\/34798"}],"wp:featuredmedia":[{"embeddable":true,"href":"https:\/\/zonaroja.com.mx\/index.php?rest_route=\/wp\/v2\/media\/34797"}],"wp:attachment":[{"href":"https:\/\/zonaroja.com.mx\/index.php?rest_route=%2Fwp%2Fv2%2Fmedia&parent=34796"}],"wp:term":[{"taxonomy":"category","embeddable":true,"href":"https:\/\/zonaroja.com.mx\/index.php?rest_route=%2Fwp%2Fv2%2Fcategories&post=34796"},{"taxonomy":"post_tag","embeddable":true,"href":"https:\/\/zonaroja.com.mx\/index.php?rest_route=%2Fwp%2Fv2%2Ftags&post=34796"}],"curies":[{"name":"wp","href":"https:\/\/api.w.org\/{rel}","templated":true}]}}