{"id":34804,"date":"2021-11-29T08:54:12","date_gmt":"2021-11-29T14:54:12","guid":{"rendered":"http:\/\/www.zonaroja.com.mx\/?p=34804"},"modified":"2021-11-29T08:54:17","modified_gmt":"2021-11-29T14:54:17","slug":"amlo-a-tres-anos-entre-polarizaciones-y-creciente-popularidad","status":"publish","type":"post","link":"https:\/\/zonaroja.com.mx\/?p=34804","title":{"rendered":"AMLO a tres a\u00f1os: entre polarizaciones y creciente popularidad"},"content":{"rendered":"\n<p>Ismael Garc\u00eda M.\/Zona Roja.<\/p>\n\n\n\n<p>Oaxaca de Ju\u00e1rez, Oax., 29 de noviembre de 2021.- Este martes, el Presidente de M\u00e9xico, Andr\u00e9s Manuel L\u00f3pez Obrador, llega a la mitad de su sexenio.<\/p>\n\n\n\n<p>Lo hace entre paradojas, alto reconocimiento social, controversias y un ambiente cada vez m\u00e1s crispado, promovido muchas veces desde la m\u00e1s alta tribuna del pa\u00eds: \u201clas ma\u00f1aneras\u201d.<\/p>\n\n\n\n<p>Lo hace tambi\u00e9n, pese a que no se le ha reconocido plenamente, con un pa\u00eds en cierta estabilidad financiera; sin deudas, con megaproyectos a los que est\u00e1 invirtiendo enormes cantidades de dinero.<\/p>\n\n\n\n<p>Con una contenci\u00f3n adecuada, aunque no \u00f3ptima, de la pandemia por Covid, que se ha reflejado en un menguado impacto econ\u00f3mico.<\/p>\n\n\n\n<p>Lo hace adem\u00e1s con el creciente flagelo de la inseguridad, en que por lo menos las v\u00edctimas directas e indirectas, no concuerdan con el \u201cabrazos, no balazos\u201d, mientras los c\u00e1rteles del crimen organizado se disputan de manera violenta el territorio mexicano, y ensanchan cotidianamente sus dominios.<\/p>\n\n\n\n<p>L\u00f3pez Obrador es, en resumen, el mago de la popularidad y llega con altos \u00edndices de aceptaci\u00f3n, pese a las fallas en su gobierno. Pese a que su gobierno es cada vez m\u00e1s populista&#8230; y cada vez m\u00e1s semejante a una dictadura.<\/p>\n\n\n\n<p>MEDIDAS IMPOPULARES<\/p>\n\n\n\n<p>Al Presidente le gusta la pol\u00e9mica, quiz\u00e1 para desviar de la discusi\u00f3n temas torales del pa\u00eds, pero que le han funcionado para darle \u201cpan y circo\u201d a los mexicanos.<\/p>\n\n\n\n<p>Loas m\u00e1s recientes casos, los se\u00f1alamientos contra la UNAM y otras universidades del pa\u00eds, as\u00ed como las indagatorias en contra de investigadores del Conacyt, adem\u00e1s de los continuos ataques y cr\u00edticas al Instituto Nacional electoral.<\/p>\n\n\n\n<p>O como el reciente decreto en que impuso pr\u00e1cticamente la opacidad en sus megaproyectos de obra p\u00fablica, bajo el disfraz de la agilizaci\u00f3n de tr\u00e1mites administrativos. O su creciente apoyo con el Ej\u00e9rcito Mexicano, que cada vez m\u00e1s tiene responsabilidades civiles, lo que representa un riesgo de una insurrecci\u00f3n militar.<\/p>\n\n\n\n<p>A L\u00f3pez Obrador se le ha criticado, tambi\u00e9n, de manera constante el manejo de la pandemia, que s\u00ed ha tenido un alto impacto en el n\u00famero de contagios y muertes (tres millones 883 mil 842 casos positivos y 293 mil 897 decesos, hasta este domingo).<\/p>\n\n\n\n<p>La construcci\u00f3n del aeropuerto \u201cFelipe \u00c1ngeles\u201d y el Tren Maya, que pese a su importancia, son las m\u00e1s se\u00f1aladas en su administraci\u00f3n.<\/p>\n\n\n\n<p>En particular, ha calado hondo en el medio period\u00edstico que constantemente el Presidente rebata la informaci\u00f3n que difunden e incluso desacreditado a diversos medios informativos.<\/p>\n\n\n\n<p>No ha reparado tambi\u00e9n en se\u00f1alar directamente a periodistas que critican su gobierno y tiene hasta favoritos en sus tradicionales \u201cma\u00f1aneras\u201d.<\/p>\n\n\n\n<p>LA POPULARIDAD<\/p>\n\n\n\n<p>Sin embargo, pese a ello, Andr\u00e9s Manuel L\u00f3pez Obrador llega fortalecido a sus tres a\u00f1os.<\/p>\n\n\n\n<p>Varios sondeos as\u00ed lo confirman, de casas encuestadoras como Mitofsky, al igual que destacados medios impresos como \u201cEl Financiero\u201d y \u201cEl Economista\u201d.<\/p>\n\n\n\n<p>Llama la atenci\u00f3n tambi\u00e9n el sondeo publicado la semana pasada por el diario \u201cEl Universal\u201d (uno de los criticados por el Presidente), que refiere que el mandatario es avalado por pr\u00e1cticamente siete de cada diez mexicanos (68%).<\/p>\n\n\n\n<p>\u201cSu aprobaci\u00f3n tuvo un crecimiento de seis puntos porcentuales desde agosto. Solo tres de cada diez mexicanos lo desaprueban (bueno, casi tres, el 27%) (<a href=\"https:\/\/www.eluniversal.com.mx\/nacion\/amlo-sube-aprobacion-pese-percepci...\" target=\"_blank\" rel=\"noreferrer noopener\">https:\/\/www.eluniversal.com.mx\/nacion\/amlo-sube-aprobacion-pese-percepci&#8230;<\/a>), public\u00f3 el fin de semana el articulista Juan Pablo Becerra-Acosta.<\/p>\n\n\n\n<p>\u201cLa realidad que mide la encuesta de Buend\u00eda&amp;M\u00e1rquez para este diario (\u2018El Universal\u2019) da m\u00e1s bien una n\u00edtida idea de que 2022 ser\u00e1 el a\u00f1o en que L\u00f3pez Obrador ser\u00e1 abrumadoramente ratificado en su cargo si hay una consulta popular (76% votar\u00eda as\u00ed), y solo una minor\u00eda (22%) votar\u00eda por la revocaci\u00f3n (fotograf\u00eda de hoy)\u201d, a\u00f1ade el analista.<\/p>\n\n\n\n<p>A\u00f1ade que la fuerza de AMLO ayudar\u00eda a su partido para ganar en cuatro de seis elecciones de gobernador que se celebrar\u00e1n: el 5 de junio Morena podr\u00eda triunfar en Durango, Hidalgo, Oaxaca y Quintana Roo, y tal vez podr\u00eda perder en Tamaulipas (aunque lo dudo) y Aguascalientes (ah\u00ed s\u00ed gana el PAN).<\/p>\n\n\n\n<p>\u201c\u00bfQu\u00e9 pasa? \u00bfQue las cr\u00edticas del c\u00edrculo rojo no llegan a la mayor\u00eda de la gente? \u00bfO era tanto el hartazgo por el PRI y PAN que la mayor\u00eda de los mexicanos le perdonan todo (pero en serio todo) al Presidente, con tal de que no vuelvan priistas y panistas?<\/p>\n\n\n\n<p>\u201c\u00bfO acaso ser\u00e1 que solo los odiadores de L\u00f3pez Obrador piensan que toda va mal y est\u00e1n en estado de negaci\u00f3n desde hace tres a\u00f1os, sumidos en la frustraci\u00f3n y la iracundia?\u201d, pregunta Becerra-Acosta.<\/p>\n\n\n\n<p>Lo cierto es que el populacho, la gente com\u00fan, la que lucha todo los d\u00edas por su alimentaci\u00f3n diaria, cree en Andr\u00e9s Manuel L\u00f3pez Obrador, en estos tres a\u00f1os de gobierno y tiempo atr\u00e1s, ahora principalmente porque recibe de manera directa m\u00faltiples apoyos sociales.<\/p>\n\n\n\n<p>Pero entonces, \u00bfqu\u00e9 esperamos los pr\u00f3ximos tres a\u00f1os? \u00bfM\u00e1s polarizaci\u00f3n? \u00bfM\u00e1s encono contra todo aquel que no comulgue con el lopezobradorismo? O la oportunidad de promover una unidad nacional, por encima de intereses pol\u00edticos, para hacer frente a un c\u00famulo de problemas, que requieren el esfuerzo de todos.<\/p>\n","protected":false},"excerpt":{"rendered":"<p>Ismael Garc\u00eda M.\/Zona Roja. Oaxaca de Ju\u00e1rez, Oax., 29 de noviembre de 2021.- Este martes,&hellip;<\/p>\n","protected":false},"author":2,"featured_media":7610,"comment_status":"closed","ping_status":"open","sticky":false,"template":"","format":"standard","meta":{"_lmt_disableupdate":"","_lmt_disable":"","_jetpack_memberships_contains_paid_content":false,"footnotes":""},"categories":[456,109,48],"tags":[1353],"class_list":["post-34804","post","type-post","status-publish","format-standard","has-post-thumbnail","hentry","category-columna","category-minuto-a-minuto","category-zona-critica","tag-opinion-zona-critica"],"jetpack_featured_media_url":"https:\/\/zonaroja.com.mx\/wp-content\/uploads\/2020\/01\/Opini\u00f3n-Zona-Cr\u00edtica.jpg","jetpack_sharing_enabled":true,"_links":{"self":[{"href":"https:\/\/zonaroja.com.mx\/index.php?rest_route=\/wp\/v2\/posts\/34804","targetHints":{"allow":["GET"]}}],"collection":[{"href":"https:\/\/zonaroja.com.mx\/index.php?rest_route=\/wp\/v2\/posts"}],"about":[{"href":"https:\/\/zonaroja.com.mx\/index.php?rest_route=\/wp\/v2\/types\/post"}],"author":[{"embeddable":true,"href":"https:\/\/zonaroja.com.mx\/index.php?rest_route=\/wp\/v2\/users\/2"}],"replies":[{"embeddable":true,"href":"https:\/\/zonaroja.com.mx\/index.php?rest_route=%2Fwp%2Fv2%2Fcomments&post=34804"}],"version-history":[{"count":1,"href":"https:\/\/zonaroja.com.mx\/index.php?rest_route=\/wp\/v2\/posts\/34804\/revisions"}],"predecessor-version":[{"id":34805,"href":"https:\/\/zonaroja.com.mx\/index.php?rest_route=\/wp\/v2\/posts\/34804\/revisions\/34805"}],"wp:featuredmedia":[{"embeddable":true,"href":"https:\/\/zonaroja.com.mx\/index.php?rest_route=\/wp\/v2\/media\/7610"}],"wp:attachment":[{"href":"https:\/\/zonaroja.com.mx\/index.php?rest_route=%2Fwp%2Fv2%2Fmedia&parent=34804"}],"wp:term":[{"taxonomy":"category","embeddable":true,"href":"https:\/\/zonaroja.com.mx\/index.php?rest_route=%2Fwp%2Fv2%2Fcategories&post=34804"},{"taxonomy":"post_tag","embeddable":true,"href":"https:\/\/zonaroja.com.mx\/index.php?rest_route=%2Fwp%2Fv2%2Ftags&post=34804"}],"curies":[{"name":"wp","href":"https:\/\/api.w.org\/{rel}","templated":true}]}}