{"id":34806,"date":"2021-11-29T10:13:20","date_gmt":"2021-11-29T16:13:20","guid":{"rendered":"http:\/\/www.zonaroja.com.mx\/?p=34806"},"modified":"2021-11-29T10:13:23","modified_gmt":"2021-11-29T16:13:23","slug":"los-espacios-de-nuestro-movimiento-son-para-gente-buena-y-honesta-susana-harp","status":"publish","type":"post","link":"https:\/\/zonaroja.com.mx\/?p=34806","title":{"rendered":"\u201cLos espacios de nuestro movimiento son para gente buena y honesta\u201d: Susana Harp"},"content":{"rendered":"\n<p>Redacci\u00f3n\/Zona Roja.<\/p>\n\n\n\n<p>Oaxaca de Ju\u00e1rez, Oax. 29 de noviembre de 2021*. Autoridades electas, simpatizantes y militantes de Morena del Istmo de Tehuantepec, se dieron cita en el municipio de Mat\u00edas Romero Avenda\u00f1o, para manifestar su apoyo a la aspirante a ser candidata por este partido pol\u00edtico a la gubernatura de Oaxaca, Susana Harp Iturribarr\u00eda.<\/p>\n\n\n\n<p>La bienvenida a la senadora morenista estuvo a cargo de la presidenta municipal electa de Mat\u00edas Romero Avenda\u00f1o, Obdulia Garc\u00eda L\u00f3pez, quien indic\u00f3 que, en Oaxaca es tiempo de las mujeres, de mujeres honestas y trabajadoras, que lleguen al poder para servir y no para servirse.<\/p>\n\n\n\n<p>\u201cNo m\u00e1s funcionarios corruptos, que se lleven el dinero del pueblo\u201d expres\u00f3 la edil electa.<\/p>\n\n\n\n<p>Susana Harp Iturribarr\u00eda agradeci\u00f3 el apoyo de todas y todos. Expres\u00f3, es la unidad del pueblo, de gente buena y comprometida, lo que har\u00e1 posible el desarrollo y progreso de Oaxaca. Lament\u00f3 los actos de violencia que forman parte de la guerra sucia en su contra, que dijo, buscan dividir y confrontar a las y los ciudadanos.<\/p>\n\n\n\n<p>Fue contundente al se\u00f1alar que no caer\u00e1 en provocaciones, porque, Oaxaca no merece m\u00e1s de lo mismo.<\/p>\n\n\n\n<p>\u201cHacer pol\u00edtica es trabajar por el bien com\u00fan, eso es hacer pol\u00edtica, politiquer\u00eda es hacer porquer\u00edas que ya no queremos y para que eso ocurra todos tenemos que tener el valor de aqu\u00ed al frente\u201d apunt\u00f3 Harp Iturribarr\u00eda.<\/p>\n\n\n\n<p>Cabe mencionar que como parte de la \u201cguerra sucia\u201d en contra de la senadora, previo al evento, autos con altavoz, intentaron boicotear la reuni\u00f3n, difundiendo informaci\u00f3n falsa, en la que se anunciaba la cancelaci\u00f3n del evento.<\/p>\n\n\n\n<p>Al encuentro asistieron autoridades electas, entre ellas: Juan Jes\u00fas Mart\u00ednez Rasgado, presidente municipal electo; Jos\u00e9 Manuel Guzm\u00e1n Garc\u00eda, presidente municipal electo de Santo Domingo Petapa; Froyl\u00e1n Medina Santos, edil electo de Santiago Niltepec; Gabriela Olivera, Pdta. electa de Ixtepec y el presidente electo de Santo Domingo Ingenio, Germa\u00edn Alvarado L\u00f3pez.<\/p>\n\n\n\n<figure class=\"wp-block-embed is-type-rich is-provider-twitter wp-block-embed-twitter\"><div class=\"wp-block-embed__wrapper\">\n<div class=\"twitter-tweet\"><blockquote class=\"twitter-tweet\" data-lang=\"es\"><p lang=\"es\" dir=\"ltr\">En Mat\u00edas Romero (donde estuvo ayer el Presidente <a href=\"https:\/\/twitter.com\/lopezobrador_?ref_src=twsrc%5Etfw\">@lopezobrador_<\/a>), la senadora por Morena, <a href=\"https:\/\/twitter.com\/SusanaHarp?ref_src=twsrc%5Etfw\">@SusanaHarp<\/a>, se reuni\u00f3 con autoridades del Istmo. <br>\u201cHacer pol\u00edtica es trabajar por el bien com\u00fan; politiquer\u00edas son porquer\u00edas que ya no queremos\u201d, dijo en su mensaje. <a href=\"https:\/\/t.co\/OHzSa7zxVF\">pic.twitter.com\/OHzSa7zxVF<\/a><\/p>&mdash; Zona Roja Oaxaca (@Zona_Roja_Oax) <a href=\"https:\/\/twitter.com\/Zona_Roja_Oax\/status\/1465075128480542721?ref_src=twsrc%5Etfw\">28 de noviembre de 2021<\/a><\/blockquote><\/div>\n<\/div><\/figure>\n\n\n\n<p>CUMPLE CON RESPONSABILIDAD<\/p>\n\n\n\n<p>En el marco de su gira de trabajo, la Senadora Susana Harp acudi\u00f3 este domingo a uno de los m\u00f3dulos que instal\u00f3 la asociaci\u00f3n civil \u201cQue Siga la Democracia\u201d, presidida por Gabriela Jim\u00e9nez Godoy, en el municipio de Jalapa del Marqu\u00e9s, para firmar a favor de que se realice la consulta de ratificaci\u00f3n de mandato en abril del pr\u00f3ximo a\u00f1o.<\/p>\n\n\n\n<p>\u201cEn pleno ejercicio de su derecho ciudadano, la Senadora acudi\u00f3 a unos de los m\u00f3dulos que tenemos ubicados en el estado de Oaxaca. Su firma se sumar\u00e1 a los millones de apoyos que se han recolectado en 23 estados de la Rep\u00fablica con la ayuda de m\u00e1s de 20 mil voluntarios que tenemos registrados a nivel nacional y que nos ayudan en esta labor\u201d, destac\u00f3 la tambi\u00e9n activista social Jim\u00e9nez Godoy.<\/p>\n\n\n\n<p>Agreg\u00f3 que Oaxaca es una de las entidades, en donde la organizaci\u00f3n con el apoyo de voluntarios y simpatizantes al movimiento de transformaci\u00f3n que vive el pa\u00eds, se dan a la tarea de reunir firmas a efecto de que se pueda celebrar la consulta popular en el 2022.<\/p>\n\n\n\n<p>Refiri\u00f3 que por primera vez en la historia de M\u00e9xico, los ciudadanos tendr\u00e1n la oportunidad de decidir si quieren que contin\u00fae o no el mandato de un presidente de la Rep\u00fablica.<\/p>\n\n\n\n<p>En el caso de Oaxaca, dijo, \u201cnos hemos fijado la meta de reunir m\u00e1s de 110 mil firmas de apoyo, que permitan llevar a cabo este proceso de participaci\u00f3n ciudadana. Nosotros le llamamos \u2018ratificaci\u00f3n de mandato\u2019, porque estamos impulsando que el presidente contin\u00fae su mandato por los pr\u00f3ximos tres a\u00f1os que le restan a su gobierno\u201d, enfatiz\u00f3.<\/p>\n\n\n\n<p>Detall\u00f3 que los m\u00f3dulos receptores instalados en Oaxaca y en diferentes comunidades del pa\u00eds, tienen como objetivo reunir m\u00e1s del 3% de firmas de la lista nominal en por lo menos 17 estados, para que la presente etapa sea vinculante y el siguiente a\u00f1o se pueda llevar a cabo la consulta popular.<\/p>\n\n\n\n<p>Invit\u00f3 a los ciudadanos a continuar sum\u00e1ndose como promotores de la consulta e integrarse a la asociaci\u00f3n civil Que Siga la Democracia. Para ello, pueden hacerlo a trav\u00e9s de sus redes sociales en Twitter: @QueSigaMX; Facebook: QueSigaMX e Instagram: quesigamx, as\u00ed como en su sitio web: <a href=\"http:\/\/www.quesigalademocracia.mx\">http:\/\/www.quesigalademocracia.mx<\/a>.<\/p>\n","protected":false},"excerpt":{"rendered":"<p>Redacci\u00f3n\/Zona Roja. Oaxaca de Ju\u00e1rez, Oax. 29 de noviembre de 2021*. Autoridades electas, simpatizantes y&hellip;<\/p>\n","protected":false},"author":2,"featured_media":34807,"comment_status":"closed","ping_status":"open","sticky":false,"template":"","format":"standard","meta":{"_lmt_disableupdate":"","_lmt_disable":"","_jetpack_memberships_contains_paid_content":false,"footnotes":""},"categories":[109,46],"tags":[1685],"class_list":["post-34806","post","type-post","status-publish","format-standard","has-post-thumbnail","hentry","category-minuto-a-minuto","category-zona-blanca","tag-susana-harp-iturribarria"],"jetpack_featured_media_url":"https:\/\/zonaroja.com.mx\/wp-content\/uploads\/2021\/11\/Susana-Harp-gira-Istmo.jpg","jetpack_sharing_enabled":true,"_links":{"self":[{"href":"https:\/\/zonaroja.com.mx\/index.php?rest_route=\/wp\/v2\/posts\/34806","targetHints":{"allow":["GET"]}}],"collection":[{"href":"https:\/\/zonaroja.com.mx\/index.php?rest_route=\/wp\/v2\/posts"}],"about":[{"href":"https:\/\/zonaroja.com.mx\/index.php?rest_route=\/wp\/v2\/types\/post"}],"author":[{"embeddable":true,"href":"https:\/\/zonaroja.com.mx\/index.php?rest_route=\/wp\/v2\/users\/2"}],"replies":[{"embeddable":true,"href":"https:\/\/zonaroja.com.mx\/index.php?rest_route=%2Fwp%2Fv2%2Fcomments&post=34806"}],"version-history":[{"count":1,"href":"https:\/\/zonaroja.com.mx\/index.php?rest_route=\/wp\/v2\/posts\/34806\/revisions"}],"predecessor-version":[{"id":34808,"href":"https:\/\/zonaroja.com.mx\/index.php?rest_route=\/wp\/v2\/posts\/34806\/revisions\/34808"}],"wp:featuredmedia":[{"embeddable":true,"href":"https:\/\/zonaroja.com.mx\/index.php?rest_route=\/wp\/v2\/media\/34807"}],"wp:attachment":[{"href":"https:\/\/zonaroja.com.mx\/index.php?rest_route=%2Fwp%2Fv2%2Fmedia&parent=34806"}],"wp:term":[{"taxonomy":"category","embeddable":true,"href":"https:\/\/zonaroja.com.mx\/index.php?rest_route=%2Fwp%2Fv2%2Fcategories&post=34806"},{"taxonomy":"post_tag","embeddable":true,"href":"https:\/\/zonaroja.com.mx\/index.php?rest_route=%2Fwp%2Fv2%2Ftags&post=34806"}],"curies":[{"name":"wp","href":"https:\/\/api.w.org\/{rel}","templated":true}]}}