{"id":34814,"date":"2021-11-29T17:36:53","date_gmt":"2021-11-29T23:36:53","guid":{"rendered":"http:\/\/www.zonaroja.com.mx\/?p=34814"},"modified":"2021-11-29T17:36:57","modified_gmt":"2021-11-29T23:36:57","slug":"ante-injusta-procuracion-y-administracion-de-justicia-instalan-tribunal-feminista","status":"publish","type":"post","link":"https:\/\/zonaroja.com.mx\/?p=34814","title":{"rendered":"Ante injusta procuraci\u00f3n y administraci\u00f3n de justicia, instalan Tribunal Feminista"},"content":{"rendered":"\n<p>Redacci\u00f3n\/Zona Roja.<\/p>\n\n\n\n<p>Oaxaca de Ju\u00e1rez, Oax., 29 de noviembre de 2021.- Frente a la impunidad que existe en materia de procuraci\u00f3n y administraci\u00f3n de justicia, colectivos instalaron hoy el Tribunal Feminista contra el Feminicidio en Oaxaca.<\/p>\n\n\n\n<p>En la explanada de la fuente de las Ocho Regiones, cinco especialistas en la materia, de renombre nacional, analizan hoy y ma\u00f1ana siete casos, tras lo cual emitir\u00e1n un veredicto.<\/p>\n\n\n\n<p>Las expertas recoger\u00e1n notas, previo estudio y documentaci\u00f3n de los casos y emitir\u00e1n ma\u00f1ana una resoluci\u00f3n sobre estos casos y la realidad que enfrentan las familias de v\u00edctimas de feminicidio en busca de justicia en un contexto de desigualdad y agudizaci\u00f3n de la violencia machista.<\/p>\n\n\n\n<p>Desde Consorcio para el Di\u00e1logo Parlamentario y la Equidad, la integrante del equipo directivo, Y\u00e9sica S\u00e1nchez Maya, acompa\u00f1ada por la abogada Mar\u00eda de Lourdes L\u00f3pez Velasco, inauguraron la actividad.<\/p>\n\n\n\n<p>S\u00e1nchez May explic\u00f3 que el Tribunal Feminista es una acci\u00f3n ciudadana de justicia alternativa frente a los altos \u00edndices de impunidad que se viven en Oaxaca, debido al no acceso a la verdad hist\u00f3rica y ante una sistem\u00e1tica violaci\u00f3n a derechos humanos de las v\u00edctimas de feminicidio por parte del sistema de procuraci\u00f3n y administraci\u00f3n de justicia.<\/p>\n\n\n\n<figure class=\"wp-block-embed is-type-rich is-provider-twitter wp-block-embed-twitter\"><div class=\"wp-block-embed__wrapper\">\n<div class=\"twitter-tweet\"><blockquote class=\"twitter-tweet\" data-lang=\"es\"><p lang=\"es\" dir=\"ltr\"><a href=\"https:\/\/twitter.com\/hashtag\/ENVIVO?src=hash&amp;ref_src=twsrc%5Etfw\">#ENVIVO<\/a> <br>Oaxaca de Ju\u00e1rez, Oax., 29 de noviembre de 2021.- Conferencia de prensa de organizaciones civiles para iniciar el Tribunal Feminista del Feminicidio en <a href=\"https:\/\/twitter.com\/hashtag\/Oaxaca?src=hash&amp;ref_src=twsrc%5Etfw\">#Oaxaca<\/a>.<br> Siga aqu\u00ed la transmisi\u00f3n:<br>\ud83d\udc47<a href=\"https:\/\/t.co\/fKQ1JrOL01\">https:\/\/t.co\/fKQ1JrOL01<\/a> <a href=\"https:\/\/t.co\/d9cfQcrlPH\">pic.twitter.com\/d9cfQcrlPH<\/a><\/p>&mdash; Zona Roja Oaxaca (@Zona_Roja_Oax) <a href=\"https:\/\/twitter.com\/Zona_Roja_Oax\/status\/1465374897786560522?ref_src=twsrc%5Etfw\">29 de noviembre de 2021<\/a><\/blockquote><\/div>\n<\/div><\/figure>\n\n\n\n<p>Record\u00f3 que durante el sexenio de Alejandro Murat se tienen registrados 575 feminicidios y m\u00e1s de mil 400 mujeres desaparecidas.<\/p>\n\n\n\n<p>El Tribunal est\u00e1 integrado por cinco juezas expertas en los derechos humanos de las mujeres y reconocidas a nivel nacional e internacional: Karla Micheel Salas Ram\u00edrez, directora del Grupo de Acci\u00f3n por los Derechos Humanos y la Justicia Social.<\/p>\n\n\n\n<p>Ana Yeli P\u00e9rez Garrido, fundadora y directora de ejecutiva de Justicia Pro Persona; Mar\u00eda de la Luz Estrada Mendoza, directora del Observatorio Ciudadano Nacional del Feminicidio; Norma Gonz\u00e1lez Ben\u00edtez, jefa de la Unidad de Derechos Humanos de Amnist\u00eda Internacional; y Ruth Fierro Pineda, coordinadora del Centro de Derechos Humanos de las Mujeres.<\/p>\n\n\n\n<p>El Tribunal es convocado por Consorcio para el Di\u00e1logo Parlamentario y la Equidad Oaxaca, el Observatorio Ciudadano Nacional del Feminicidio y Madres contra el Feminicidio y la Impunidad. Se desarrolla en la explanada de la \u201cMonumenta\u201d, de la fuente de las Ocho Regiones.<\/p>\n","protected":false},"excerpt":{"rendered":"<p>Redacci\u00f3n\/Zona Roja. Oaxaca de Ju\u00e1rez, Oax., 29 de noviembre de 2021.- Frente a la impunidad&hellip;<\/p>\n","protected":false},"author":2,"featured_media":34815,"comment_status":"closed","ping_status":"open","sticky":false,"template":"","format":"standard","meta":{"_lmt_disableupdate":"","_lmt_disable":"","_jetpack_memberships_contains_paid_content":false,"footnotes":""},"categories":[109,47],"tags":[548,2958],"class_list":["post-34814","post","type-post","status-publish","format-standard","has-post-thumbnail","hentry","category-minuto-a-minuto","category-zona-gris","tag-consorcio-oaxaca","tag-tribunal-feminista-contra-el-feminicidio-en-oaxaca"],"jetpack_featured_media_url":"https:\/\/zonaroja.com.mx\/wp-content\/uploads\/2021\/11\/002.jpeg","jetpack_sharing_enabled":true,"_links":{"self":[{"href":"https:\/\/zonaroja.com.mx\/index.php?rest_route=\/wp\/v2\/posts\/34814","targetHints":{"allow":["GET"]}}],"collection":[{"href":"https:\/\/zonaroja.com.mx\/index.php?rest_route=\/wp\/v2\/posts"}],"about":[{"href":"https:\/\/zonaroja.com.mx\/index.php?rest_route=\/wp\/v2\/types\/post"}],"author":[{"embeddable":true,"href":"https:\/\/zonaroja.com.mx\/index.php?rest_route=\/wp\/v2\/users\/2"}],"replies":[{"embeddable":true,"href":"https:\/\/zonaroja.com.mx\/index.php?rest_route=%2Fwp%2Fv2%2Fcomments&post=34814"}],"version-history":[{"count":1,"href":"https:\/\/zonaroja.com.mx\/index.php?rest_route=\/wp\/v2\/posts\/34814\/revisions"}],"predecessor-version":[{"id":34816,"href":"https:\/\/zonaroja.com.mx\/index.php?rest_route=\/wp\/v2\/posts\/34814\/revisions\/34816"}],"wp:featuredmedia":[{"embeddable":true,"href":"https:\/\/zonaroja.com.mx\/index.php?rest_route=\/wp\/v2\/media\/34815"}],"wp:attachment":[{"href":"https:\/\/zonaroja.com.mx\/index.php?rest_route=%2Fwp%2Fv2%2Fmedia&parent=34814"}],"wp:term":[{"taxonomy":"category","embeddable":true,"href":"https:\/\/zonaroja.com.mx\/index.php?rest_route=%2Fwp%2Fv2%2Fcategories&post=34814"},{"taxonomy":"post_tag","embeddable":true,"href":"https:\/\/zonaroja.com.mx\/index.php?rest_route=%2Fwp%2Fv2%2Ftags&post=34814"}],"curies":[{"name":"wp","href":"https:\/\/api.w.org\/{rel}","templated":true}]}}