{"id":34817,"date":"2021-11-29T19:04:21","date_gmt":"2021-11-30T01:04:21","guid":{"rendered":"http:\/\/www.zonaroja.com.mx\/?p=34817"},"modified":"2021-11-29T19:04:25","modified_gmt":"2021-11-30T01:04:25","slug":"visita-de-amlo-a-oaxaca-trae-resultados-asegura-murat-hinojosa","status":"publish","type":"post","link":"https:\/\/zonaroja.com.mx\/?p=34817","title":{"rendered":"Visita de AMLO a Oaxaca trae resultados, asegura Murat Hinojosa"},"content":{"rendered":"\n<p>Redacci\u00f3n\/Zona Roja.<\/p>\n\n\n\n<p>Oaxaca de Ju\u00e1rez, Oax. 29 de noviembre de 2021.- Al intervenir en la conferencia matutina este lunes, el gobernador Alejandro Murat Hinojosa consider\u00f3 que siempre la visita de un Presidente, como Andr\u00e9s Manuel L\u00f3pez Obrador, \u201ctrae felicidad, pero hoy trae resultados a una regi\u00f3n que estuvo abandonada durante d\u00e9cadas\u201d.<\/p>\n\n\n\n<p>La actividad se realiz\u00f3 en el marco del tercer d\u00eda de visita del mandatario mexicano a Oaxaca, en la sede de la XXVIII Regi\u00f3n Militar, ubicada en Santa Mar\u00eda Ixcotel.<\/p>\n\n\n\n<p>Durante este encuentro con los medios de comunicaci\u00f3n, se dio a conocer las acciones realizadas desde el d\u00eda s\u00e1bado, que consistieron en la supervisi\u00f3n del Corredor Interoce\u00e1nico: el ferrocarril, los parques industriales, la carretera Acayucan-La Ventosa y el buque tren.<\/p>\n\n\n\n<p>Tambi\u00e9n la evaluaci\u00f3n de construcci\u00f3n del tramo carretero Barranca Larga- Ventanilla, y la rehabilitaci\u00f3n de la refiner\u00eda de Salina Cruz, realizadas el d\u00eda domingo.<\/p>\n\n\n\n<p>Murat Hinojosa expres\u00f3 que con estos proyectos de gran calado, encaminados a resarcir la demanda hist\u00f3rica que durante d\u00e9cadas mantuvo a la entidad pausada del desarrollo, hoy Oaxaca ha pasado del anhelo y de la esperanza, a la realidad de proyectos que ser\u00e1n el nuevo motor del desarrollo de Oaxaca y sureste de M\u00e9xico.<\/p>\n\n\n\n<p>\u201cEn los hechos, no en las palabras como pasaba en el pasado, estamos viendo que se est\u00e1n convirtiendo en realidad y consolidando proyectos que llevaban m\u00e1s de 100 a\u00f1os esperando. En el plan maestro proyectan m\u00e1s de medio mill\u00f3n de empleos en los siguientes 10 a\u00f1os, y m\u00e1s de 30 mil millones de d\u00f3lares en inversi\u00f3n\u201d, expres\u00f3.<\/p>\n\n\n\n<figure class=\"wp-block-embed is-type-rich is-provider-twitter wp-block-embed-twitter\"><div class=\"wp-block-embed__wrapper\">\n<div class=\"twitter-tweet\"><blockquote class=\"twitter-tweet\" data-lang=\"es\"><p lang=\"es\" dir=\"ltr\"><a href=\"https:\/\/twitter.com\/hashtag\/%C3%9AltimoMinuto?src=hash&amp;ref_src=twsrc%5Etfw\">#\u00daltimoMinuto<\/a> <br>\u00c9ste es el mensaje de bienvenida que dio el gobernador <a href=\"https:\/\/twitter.com\/alejandromurat?ref_src=twsrc%5Etfw\">@AlejandroMurat<\/a>, en la conferencia matutina que preside el Presidente <a href=\"https:\/\/twitter.com\/lopezobrador_?ref_src=twsrc%5Etfw\">@lopezobrador_<\/a> en la XXVIII Zona Militar, ubicada en Santa Mar\u00eda Ixcotel, <a href=\"https:\/\/twitter.com\/hashtag\/Oaxaca?src=hash&amp;ref_src=twsrc%5Etfw\">#Oaxaca<\/a>. <a href=\"https:\/\/t.co\/Mi4MhwuqtX\">pic.twitter.com\/Mi4MhwuqtX<\/a><\/p>&mdash; Zona Roja Oaxaca (@Zona_Roja_Oax) <a href=\"https:\/\/twitter.com\/Zona_Roja_Oax\/status\/1465312967235354627?ref_src=twsrc%5Etfw\">29 de noviembre de 2021<\/a><\/blockquote><\/div>\n<\/div><\/figure>\n\n\n\n<p>Agreg\u00f3 que por primera vez en su historia, Oaxaca es el estado que m\u00e1s crece en el pa\u00eds.<\/p>\n\n\n\n<p>\u201cEsas no son palabras, esos son resultados; hay una din\u00e1mica diferente hoy. Hay m\u00e1s de Oaxaca en el mundo y m\u00e1s del mundo en Oaxaca\u201d, expres\u00f3 al tiempo de recordar la presencia de los alebrijes gigantes de Oaxaca que conquistaron el coraz\u00f3n de Nueva York desde el Rockefeller Center, as\u00ed como la obra del artista Amador Montes que fue donada a la sede de la ONU en esta misma ciudad de los rascacielos.<\/p>\n\n\n\n<p>De esta manera, a nombre del pueblo de Oaxaca, el mandatario estatal agradeci\u00f3 el privilegio de poder acompa\u00f1ar y compartir junto al Presidente de M\u00e9xico, esa gran proyecci\u00f3n de desarrollo y crecimiento para el estado de Oaxaca.<\/p>\n\n\n\n<p>SEGUIR TRANSFORMACI\u00d2N<\/p>\n\n\n\n<p>En su oportunidad, el presidente Andr\u00e9s Manuel L\u00f3pez Obrador, reiter\u00f3 su compromiso con las oaxaque\u00f1as y oaxaque\u00f1os de seguir construyendo esa gran transformaci\u00f3n para el estado de Oaxaca y para el sureste, destacando que el avance que presentan estos proyectos, son resultado del trabajo coordinado entre la federaci\u00f3n y el gobierno estatal. \u201cEstamos trabajando desde hace tres a\u00f1os, de manera coordinada\u201d, dijo.<\/p>\n","protected":false},"excerpt":{"rendered":"<p>Redacci\u00f3n\/Zona Roja. Oaxaca de Ju\u00e1rez, Oax. 29 de noviembre de 2021.- Al intervenir en la&hellip;<\/p>\n","protected":false},"author":2,"featured_media":34818,"comment_status":"closed","ping_status":"open","sticky":false,"template":"","format":"standard","meta":{"_lmt_disableupdate":"","_lmt_disable":"","_jetpack_memberships_contains_paid_content":false,"footnotes":""},"categories":[109,46],"tags":[1536],"class_list":["post-34817","post","type-post","status-publish","format-standard","has-post-thumbnail","hentry","category-minuto-a-minuto","category-zona-blanca","tag-visita-andres-manuel-lopez-obrador-a-oaxaca"],"jetpack_featured_media_url":"https:\/\/zonaroja.com.mx\/wp-content\/uploads\/2021\/11\/AMH-2.jpeg","jetpack_sharing_enabled":true,"_links":{"self":[{"href":"https:\/\/zonaroja.com.mx\/index.php?rest_route=\/wp\/v2\/posts\/34817","targetHints":{"allow":["GET"]}}],"collection":[{"href":"https:\/\/zonaroja.com.mx\/index.php?rest_route=\/wp\/v2\/posts"}],"about":[{"href":"https:\/\/zonaroja.com.mx\/index.php?rest_route=\/wp\/v2\/types\/post"}],"author":[{"embeddable":true,"href":"https:\/\/zonaroja.com.mx\/index.php?rest_route=\/wp\/v2\/users\/2"}],"replies":[{"embeddable":true,"href":"https:\/\/zonaroja.com.mx\/index.php?rest_route=%2Fwp%2Fv2%2Fcomments&post=34817"}],"version-history":[{"count":1,"href":"https:\/\/zonaroja.com.mx\/index.php?rest_route=\/wp\/v2\/posts\/34817\/revisions"}],"predecessor-version":[{"id":34819,"href":"https:\/\/zonaroja.com.mx\/index.php?rest_route=\/wp\/v2\/posts\/34817\/revisions\/34819"}],"wp:featuredmedia":[{"embeddable":true,"href":"https:\/\/zonaroja.com.mx\/index.php?rest_route=\/wp\/v2\/media\/34818"}],"wp:attachment":[{"href":"https:\/\/zonaroja.com.mx\/index.php?rest_route=%2Fwp%2Fv2%2Fmedia&parent=34817"}],"wp:term":[{"taxonomy":"category","embeddable":true,"href":"https:\/\/zonaroja.com.mx\/index.php?rest_route=%2Fwp%2Fv2%2Fcategories&post=34817"},{"taxonomy":"post_tag","embeddable":true,"href":"https:\/\/zonaroja.com.mx\/index.php?rest_route=%2Fwp%2Fv2%2Ftags&post=34817"}],"curies":[{"name":"wp","href":"https:\/\/api.w.org\/{rel}","templated":true}]}}