{"id":3482,"date":"2019-08-28T22:00:08","date_gmt":"2019-08-29T03:00:08","guid":{"rendered":"http:\/\/www.zonaroja.com.mx\/?p=3482"},"modified":"2019-08-28T22:03:42","modified_gmt":"2019-08-29T03:03:42","slug":"tensa-situacion-en-san-dionisio-de-mar-retienen-a-ex-edil-y-queman-camioneta","status":"publish","type":"post","link":"https:\/\/zonaroja.com.mx\/?p=3482","title":{"rendered":"Tensa situaci\u00f3n en San Dionisio del Mar: retienen a ex edil y queman camioneta"},"content":{"rendered":"\n<p>Redacci\u00f3n\/Zona\nRoja.<\/p>\n\n\n\n<p>Oaxaca de\nJu\u00e1rez, Oax., 28 de agosto de 2019.- Una camioneta incendiada, un ex presidente\nmunicipal retenido y la carretera de acceso bloqueada, es el saldo de la\nviolencia este mi\u00e9rcoles en San Dionisio del Mar, municipio de la regi\u00f3n del\nIstmo.<\/p>\n\n\n\n<p>Fueron\nintegrantes de la Asamblea de Pueblos de San Dionisio quienes retuvieron en el\nbloqueo al ex edil Miguel L\u00f3pez Castellanos, a quien acusan de desv\u00edo de\nrecursos por m\u00e1s de 20 millones de pesos.<\/p>\n\n\n\n<p>Asimismo,\ndurante la ma\u00f1ana quemaron la camioneta de la ex autoridad, a quien acusan\ntambi\u00e9n de haber recibido apoyos econ\u00f3micos para la instalaci\u00f3n de una empresa\ne\u00f3lica.<\/p>\n\n\n\n<p>Desde hace un mes se intensificaron las protestas en dicho municipio, por la integraci\u00f3n y luego distribuci\u00f3n del periodo de gobierno de un concejo municipal, tras la nulidad de las elecciones.<\/p>\n\n\n\n<figure class=\"wp-block-embed-twitter wp-block-embed is-type-rich is-provider-twitter\"><div class=\"wp-block-embed__wrapper\">\n<div class=\"twitter-tweet\"><blockquote class=\"twitter-tweet\" data-lang=\"es\"><p lang=\"es\" dir=\"ltr\"><a href=\"https:\/\/twitter.com\/hashtag\/OaxacaRojo?src=hash&amp;ref_src=twsrc%5Etfw\">#OaxacaRojo<\/a><br>Frente a la indolencia de las autoridades del <a href=\"https:\/\/twitter.com\/GobOax?ref_src=twsrc%5Etfw\">@GobOax<\/a> y de los legisladores del <a href=\"https:\/\/twitter.com\/CongresoOaxLXIV?ref_src=twsrc%5Etfw\">@CongresoOaxLXIV<\/a>, la violencia se recrudece en San Dionisio del Mar; este mi\u00e9rcoles quemaron una camioneta del ex presidente municipal. <br>Video: Cortes\u00eda <a href=\"https:\/\/t.co\/SBlPMvw8sh\">pic.twitter.com\/SBlPMvw8sh<\/a><\/p>&mdash; Zona Roja Oaxaca (@MexRoja) <a href=\"https:\/\/twitter.com\/MexRoja\/status\/1166896366754381826?ref_src=twsrc%5Etfw\">29 de agosto de 2019<\/a><\/blockquote><\/div>\n<\/div><\/figure>\n\n\n\n<p>Dos grupos\ndel Partido Morena se acusan mutuamente de aliarse con el PRI para quedarse con\nel poder; uno de ellos insiste tambi\u00e9n en auditor\u00eda y castigo a la ex\npresidenta Teresita Luis Ojeda, ex alcaldesa.<\/p>\n\n\n\n<p>Hasta el momento no se ha dado a conocer de manera oficial de la presencia de polic\u00edas estatales o Guardia Nacional en la zona, a fin de restablecer el orden.<\/p>\n\n\n\n<p>Mientras\ntanto, en el Congreso del Estado, durante la sesi\u00f3n de hoy, fue sometido a\nvotaci\u00f3n el dictamen de la Comisi\u00f3n Permanente de Gobernaci\u00f3n y Asuntos\nAgrarios, que declara procedente la designaci\u00f3n de ciudadanos integrantes del\nConsejo Municipal de San Dionisio del Mar.<\/p>\n\n\n\n<p>Pero al no alcanzar\ndos terceras partes de los votos requeridos para ser aprobado, &#8211;25 a favor y\nseis en contra&#8211;, fue regresado a la Comisi\u00f3n para el estudio y emisi\u00f3n de un\nnuevo dictamen.<\/p>\n","protected":false},"excerpt":{"rendered":"<p>Redacci\u00f3n\/Zona Roja. Oaxaca de Ju\u00e1rez, Oax., 28 de agosto de 2019.- Una camioneta incendiada, un&hellip;<\/p>\n","protected":false},"author":2,"featured_media":3483,"comment_status":"closed","ping_status":"open","sticky":false,"template":"","format":"standard","meta":{"_lmt_disableupdate":"","_lmt_disable":"","_jetpack_memberships_contains_paid_content":false,"footnotes":""},"categories":[109,51],"tags":[634],"class_list":["post-3482","post","type-post","status-publish","format-standard","has-post-thumbnail","hentry","category-minuto-a-minuto","category-zona-roja","tag-san-dionisio-del-mar"],"jetpack_featured_media_url":"https:\/\/zonaroja.com.mx\/wp-content\/uploads\/2019\/08\/6763876d-1106-4c37-9256-8de1aa01a9e2.jpg","jetpack_sharing_enabled":true,"_links":{"self":[{"href":"https:\/\/zonaroja.com.mx\/index.php?rest_route=\/wp\/v2\/posts\/3482","targetHints":{"allow":["GET"]}}],"collection":[{"href":"https:\/\/zonaroja.com.mx\/index.php?rest_route=\/wp\/v2\/posts"}],"about":[{"href":"https:\/\/zonaroja.com.mx\/index.php?rest_route=\/wp\/v2\/types\/post"}],"author":[{"embeddable":true,"href":"https:\/\/zonaroja.com.mx\/index.php?rest_route=\/wp\/v2\/users\/2"}],"replies":[{"embeddable":true,"href":"https:\/\/zonaroja.com.mx\/index.php?rest_route=%2Fwp%2Fv2%2Fcomments&post=3482"}],"version-history":[{"count":2,"href":"https:\/\/zonaroja.com.mx\/index.php?rest_route=\/wp\/v2\/posts\/3482\/revisions"}],"predecessor-version":[{"id":3485,"href":"https:\/\/zonaroja.com.mx\/index.php?rest_route=\/wp\/v2\/posts\/3482\/revisions\/3485"}],"wp:featuredmedia":[{"embeddable":true,"href":"https:\/\/zonaroja.com.mx\/index.php?rest_route=\/wp\/v2\/media\/3483"}],"wp:attachment":[{"href":"https:\/\/zonaroja.com.mx\/index.php?rest_route=%2Fwp%2Fv2%2Fmedia&parent=3482"}],"wp:term":[{"taxonomy":"category","embeddable":true,"href":"https:\/\/zonaroja.com.mx\/index.php?rest_route=%2Fwp%2Fv2%2Fcategories&post=3482"},{"taxonomy":"post_tag","embeddable":true,"href":"https:\/\/zonaroja.com.mx\/index.php?rest_route=%2Fwp%2Fv2%2Ftags&post=3482"}],"curies":[{"name":"wp","href":"https:\/\/api.w.org\/{rel}","templated":true}]}}