{"id":34823,"date":"2021-11-29T20:57:26","date_gmt":"2021-11-30T02:57:26","guid":{"rendered":"http:\/\/www.zonaroja.com.mx\/?p=34823"},"modified":"2021-11-29T20:57:31","modified_gmt":"2021-11-30T02:57:31","slug":"denuncian-irregularidades-en-proceso-de-eleccion-de-comite-del-stspeidceo","status":"publish","type":"post","link":"https:\/\/zonaroja.com.mx\/?p=34823","title":{"rendered":"Denuncian irregularidades en proceso de elecci\u00f3n de comit\u00e9 del STSPEIDCEO"},"content":{"rendered":"\n<p>Ismael Garc\u00eda M.\/Zona Roja.<\/p>\n\n\n\n<p>Oaxaca de Ju\u00e1rez, Oax., 29 de noviembre de 2021.- Afiliados al Sindicato de Trabajadores al Servicio del Estado e Instituciones Descentralizadas de Car\u00e1cter Estatal de Oaxaca (STSPEIDCEO) denunciaron irregularidades en el proceso para elegir al comit\u00e9 ejecutivo para el periodo 2022-2025.<\/p>\n\n\n\n<p>En conferencia de prensa, se\u00f1alaron que la jornada inici\u00f3 el pasado 24 de noviembre, tras una asamblea de delegados y donde acordaron un reglamento electoral, pero que est\u00e1 hecho a modo y ama\u00f1ado.<\/p>\n\n\n\n<p>Integrantes de la Corriente Nueva Conciencia Sindical acusaron que la Direcci\u00f3n de Recursos Humanos de la Secretar\u00eda de Administraci\u00f3n les ha puesto una serie de trabas para poder cumplir con los requisitos de la convocatoria.<\/p>\n\n\n\n<p>Entre ellas otorgar una constancia de antig\u00fcedad, que cuando acudieron a dicha instancia a solicitarla, les dijeron que esperaran; no obstante, a primera hora de hoy, hay dos registros de planillas, mientras que a ellos les negaron dicho documento para seguir el proceso.<\/p>\n\n\n\n<p>Al igual que la comisi\u00f3n electoral sindical, que \u00fanicamente dio un plazo de menos de 24 horas para recibir la inscripci\u00f3n de planillas, pero que en el caso de la que impulsa Conciencia Sindical, la Morada, les han puesto una serie de impedimentos.<\/p>\n\n\n\n<figure class=\"wp-block-embed is-type-rich is-provider-twitter wp-block-embed-twitter\"><div class=\"wp-block-embed__wrapper\">\n<div class=\"twitter-tweet\"><blockquote class=\"twitter-tweet\" data-lang=\"es\"><p lang=\"es\" dir=\"ltr\"><a href=\"https:\/\/twitter.com\/hashtag\/ENVIVO?src=hash&amp;ref_src=twsrc%5Etfw\">#ENVIVO<\/a> <br>Oaxaca de Ju\u00e1rez, Oax., 29 de noviembre de 2021.- Conferencia de prensa de la asociaci\u00f3n Nueva Conciencia Sindical, respecto a la elecci\u00f3n en el STSPDIDCEO.<br>Siga aqu\u00ed la transmisi\u00f3n:<br>\ud83d\udc47<a href=\"https:\/\/t.co\/qFanYv2a1x\">https:\/\/t.co\/qFanYv2a1x<\/a> <a href=\"https:\/\/t.co\/I8ID1Cbvbg\">pic.twitter.com\/I8ID1Cbvbg<\/a><\/p>&mdash; Zona Roja Oaxaca (@Zona_Roja_Oax) <a href=\"https:\/\/twitter.com\/Zona_Roja_Oax\/status\/1465407376832479242?ref_src=twsrc%5Etfw\">29 de noviembre de 2021<\/a><\/blockquote><\/div>\n<\/div><\/figure>\n\n\n\n<p>\u201cEl comit\u00e9, tratando de tomar ventaja, aumenta el n\u00famero de los sobres de mil a mil 500; pero no le basta s\u00f3lo eso; adem\u00e1s, tenemos conocimiento que ciertas horas trabajaron el s\u00e1bado para otorgar a otros aspirantes dichos sobre.<\/p>\n\n\n\n<p>\u201cPero no as\u00ed en nuestro caso, que han puesto una serie de artima\u00f1as para no poder registrarnos a tiempo y sacarnos de la jugada\u201d, dijeron los representantes de esa corriente, entre ellos Jos\u00e9 Arturo S\u00e1nchez D\u00edaz, Sergio L\u00f3pez Mart\u00ednez y Gildardo \u00c1vila Jim\u00e9nez.<\/p>\n\n\n\n<p>\u201cCompa\u00f1eros de base trabajadora: estamos faltos de transparencia, faltos de una conciencia que rija la libre participaci\u00f3n a todos; es triste ver c\u00f3mo ya algunos grupos que en verdad estuvieron ausentes en los \u00faltimos cuatro a\u00f1os, hoy ya hayan conseguido su registro\u201d, aseguraron.<\/p>\n\n\n\n<p>Lamentaron los tiempos de impunidad y de opacidad que rige al actual comit\u00e9 ejecutivo, situaciones que han denunciado p\u00fablicamente ante los medios de comunicaci\u00f3n.<\/p>\n","protected":false},"excerpt":{"rendered":"<p>Ismael Garc\u00eda M.\/Zona Roja. Oaxaca de Ju\u00e1rez, Oax., 29 de noviembre de 2021.- Afiliados al&hellip;<\/p>\n","protected":false},"author":2,"featured_media":34824,"comment_status":"closed","ping_status":"open","sticky":false,"template":"","format":"standard","meta":{"_lmt_disableupdate":"","_lmt_disable":"","_jetpack_memberships_contains_paid_content":false,"footnotes":""},"categories":[109,47],"tags":[],"class_list":["post-34823","post","type-post","status-publish","format-standard","has-post-thumbnail","hentry","category-minuto-a-minuto","category-zona-gris"],"jetpack_featured_media_url":"https:\/\/zonaroja.com.mx\/wp-content\/uploads\/2021\/11\/Conciencia-Sindical-STPEIDCEO.jpg","jetpack_sharing_enabled":true,"_links":{"self":[{"href":"https:\/\/zonaroja.com.mx\/index.php?rest_route=\/wp\/v2\/posts\/34823","targetHints":{"allow":["GET"]}}],"collection":[{"href":"https:\/\/zonaroja.com.mx\/index.php?rest_route=\/wp\/v2\/posts"}],"about":[{"href":"https:\/\/zonaroja.com.mx\/index.php?rest_route=\/wp\/v2\/types\/post"}],"author":[{"embeddable":true,"href":"https:\/\/zonaroja.com.mx\/index.php?rest_route=\/wp\/v2\/users\/2"}],"replies":[{"embeddable":true,"href":"https:\/\/zonaroja.com.mx\/index.php?rest_route=%2Fwp%2Fv2%2Fcomments&post=34823"}],"version-history":[{"count":1,"href":"https:\/\/zonaroja.com.mx\/index.php?rest_route=\/wp\/v2\/posts\/34823\/revisions"}],"predecessor-version":[{"id":34825,"href":"https:\/\/zonaroja.com.mx\/index.php?rest_route=\/wp\/v2\/posts\/34823\/revisions\/34825"}],"wp:featuredmedia":[{"embeddable":true,"href":"https:\/\/zonaroja.com.mx\/index.php?rest_route=\/wp\/v2\/media\/34824"}],"wp:attachment":[{"href":"https:\/\/zonaroja.com.mx\/index.php?rest_route=%2Fwp%2Fv2%2Fmedia&parent=34823"}],"wp:term":[{"taxonomy":"category","embeddable":true,"href":"https:\/\/zonaroja.com.mx\/index.php?rest_route=%2Fwp%2Fv2%2Fcategories&post=34823"},{"taxonomy":"post_tag","embeddable":true,"href":"https:\/\/zonaroja.com.mx\/index.php?rest_route=%2Fwp%2Fv2%2Ftags&post=34823"}],"curies":[{"name":"wp","href":"https:\/\/api.w.org\/{rel}","templated":true}]}}