{"id":34826,"date":"2021-11-29T21:56:28","date_gmt":"2021-11-30T03:56:28","guid":{"rendered":"http:\/\/www.zonaroja.com.mx\/?p=34826"},"modified":"2021-11-29T21:56:33","modified_gmt":"2021-11-30T03:56:33","slug":"registra-oaxaca-tres-crimenes-y-dos-lesionados-de-bala-en-48-horas","status":"publish","type":"post","link":"https:\/\/zonaroja.com.mx\/?p=34826","title":{"rendered":"Registra Oaxaca tres cr\u00edmenes y dos lesionados de bala, en 48 horas"},"content":{"rendered":"\n<p>Redacci\u00f3n\/Zona Roja.<\/p>\n\n\n\n<p>Oaxaca de Ju\u00e1rez, Oax., 29 de noviembre de 2021.- En menos de 48 horas, en Oaxaca se registraron tres asesinatos perpetrados por disparos de arma de fuego, as\u00ed como dos personas lesionadas, entre ellas una mujer.<\/p>\n\n\n\n<p>El m\u00e1s reciente hecho ocurri\u00f3 esta noche en el municipio de Mat\u00edas Romero Avenda\u00f1o, donde ocurri\u00f3 un ataque armado, en un establecimiento de venta de bebidas alcoh\u00f3licas, ubicado en la calle Allende esquina con corregidora.<\/p>\n\n\n\n<p>El saldo fue de dos personas lesionadas de bala, Jes\u00fas Q. R. C., de 23 a\u00f1os de edad, y Nancy Nayeli R. C., de 33 a\u00f1os, quienes fueron trasladadas a un nosocomio.<\/p>\n\n\n\n<p>En tanto, en San Pedro Pochutla, la ma\u00f1ana de hoy se registr\u00f3 la ejecuci\u00f3n de dos individuos, que acudir\u00edan a una audiencia al Juzgado de Control con sede en ese municipio.<\/p>\n\n\n\n<p>El hecho sucedi\u00f3 alrededor de las 09:30 horas en una palapa, en inmediaciones de la comunidad de El Zapote, donde sujetos armados dispararon y dieron muerte a Florenciano B. A. y Wilbert B. T., quienes presuntamente atestiguar\u00edan en un caso.<\/p>\n\n\n\n<p>Mientras que el s\u00e1bado por la noche, en Ocotl\u00e1n de Morelos un comando persigui\u00f3 a integrantes de una familia; en la calle de Magnolias, cerca de la capilla de Guadalupe los alcanzaron y dieron muerte a una persona de edad adulta.<\/p>\n\n\n\n<p>Los agredidos viajaban en una camioneta marca Toyota, tipo Hilux, que qued\u00f3 con perforaciones de bala en diversas partes; en el lugar muri\u00f3 el se\u00f1or Israel O. G., de 89 a\u00f1os de edad, y quedaron lesionados M. O. C., de 48 a\u00f1os, y J. C. A., de 16 a\u00f1os.<\/p>\n\n\n\n<p>En los tres casos hasta ahora no hay personas detenidas por parte de la Fiscal\u00eda General del Estado de Oaxaca.<\/p>\n","protected":false},"excerpt":{"rendered":"<p>Redacci\u00f3n\/Zona Roja. Oaxaca de Ju\u00e1rez, Oax., 29 de noviembre de 2021.- En menos de 48&hellip;<\/p>\n","protected":false},"author":2,"featured_media":34827,"comment_status":"closed","ping_status":"open","sticky":false,"template":"","format":"standard","meta":{"_lmt_disableupdate":"","_lmt_disable":"","_jetpack_memberships_contains_paid_content":false,"footnotes":""},"categories":[109,51],"tags":[2959],"class_list":["post-34826","post","type-post","status-publish","format-standard","has-post-thumbnail","hentry","category-minuto-a-minuto","category-zona-roja","tag-san-pedro-po"],"jetpack_featured_media_url":"https:\/\/zonaroja.com.mx\/wp-content\/uploads\/2021\/11\/Ejecutado-Ocotlan-de-Morelos.jpg","jetpack_sharing_enabled":true,"_links":{"self":[{"href":"https:\/\/zonaroja.com.mx\/index.php?rest_route=\/wp\/v2\/posts\/34826","targetHints":{"allow":["GET"]}}],"collection":[{"href":"https:\/\/zonaroja.com.mx\/index.php?rest_route=\/wp\/v2\/posts"}],"about":[{"href":"https:\/\/zonaroja.com.mx\/index.php?rest_route=\/wp\/v2\/types\/post"}],"author":[{"embeddable":true,"href":"https:\/\/zonaroja.com.mx\/index.php?rest_route=\/wp\/v2\/users\/2"}],"replies":[{"embeddable":true,"href":"https:\/\/zonaroja.com.mx\/index.php?rest_route=%2Fwp%2Fv2%2Fcomments&post=34826"}],"version-history":[{"count":1,"href":"https:\/\/zonaroja.com.mx\/index.php?rest_route=\/wp\/v2\/posts\/34826\/revisions"}],"predecessor-version":[{"id":34828,"href":"https:\/\/zonaroja.com.mx\/index.php?rest_route=\/wp\/v2\/posts\/34826\/revisions\/34828"}],"wp:featuredmedia":[{"embeddable":true,"href":"https:\/\/zonaroja.com.mx\/index.php?rest_route=\/wp\/v2\/media\/34827"}],"wp:attachment":[{"href":"https:\/\/zonaroja.com.mx\/index.php?rest_route=%2Fwp%2Fv2%2Fmedia&parent=34826"}],"wp:term":[{"taxonomy":"category","embeddable":true,"href":"https:\/\/zonaroja.com.mx\/index.php?rest_route=%2Fwp%2Fv2%2Fcategories&post=34826"},{"taxonomy":"post_tag","embeddable":true,"href":"https:\/\/zonaroja.com.mx\/index.php?rest_route=%2Fwp%2Fv2%2Ftags&post=34826"}],"curies":[{"name":"wp","href":"https:\/\/api.w.org\/{rel}","templated":true}]}}