{"id":34832,"date":"2021-11-29T22:24:39","date_gmt":"2021-11-30T04:24:39","guid":{"rendered":"http:\/\/www.zonaroja.com.mx\/?p=34832"},"modified":"2021-11-29T22:24:43","modified_gmt":"2021-11-30T04:24:43","slug":"persiste-conflicto-en-supercarretera-oaxaca-costa-parados-13-km","status":"publish","type":"post","link":"https:\/\/zonaroja.com.mx\/?p=34832","title":{"rendered":"Persiste conflicto en supercarretera Oaxaca-Costa; parados, 13 km"},"content":{"rendered":"\n<p>Yuridiana Sosa\/Zona Roja.<\/p>\n\n\n\n<p>Oaxaca de Ju\u00e1rez, Oax., 29 de noviembre de 2021.- El Presidente de M\u00e9xico, Andr\u00e9s Manuel L\u00f3pez Obrador, asever\u00f3 que en pr\u00f3ximos d\u00edas enviar\u00e1 una propuesta de soluci\u00f3n a la comunidad de San Vicente Coatl\u00e1n para que firme un acuerdo de paz con el municipio de Sola de Vega y poder continuar con la construcci\u00f3n de la carretera a la Costa.<\/p>\n\n\n\n<p>La propuesta al l\u00edo agrario entre ambas poblaciones es \u201cgenerosa, mucho muy generosa\u201d, y la cual enviar\u00e1 a trav\u00e9s del gobernador Alejandro Murat, apunt\u00f3 el mandatario nacional en su conferencia de prensa este lunes desde Santa Luc\u00eda del Camino, Oaxaca.<\/p>\n\n\n\n<p>Fue durante esta gira en la que se recorrieron las carreteras que se construyen en la entidad, donde L\u00f3pez Obrado tuvo acercamiento con la poblaci\u00f3n inconforme que mantiene un bloqueo a la construcci\u00f3n de la carretera en el tramo Barranca Larga- Ventanilla, donde est\u00e1n pendientes 13 kil\u00f3metros.<\/p>\n\n\n\n<p>San Vicente Coatl\u00e1n no acepta la resoluci\u00f3n del Poder Judicial sobre la pertenencia de 20 mil hect\u00e1reas a favor de Sola de Vega. \u201cEl problema no es la carretera, sino un asunto agrario\u201d, precis\u00f3 el Presidente.<\/p>\n\n\n\n<p>En ese sentido, dijo que con la propuesta que se entregar\u00e1 \u201csi hay voluntad se va a resolver en diciembre, antes que termine el a\u00f1o, y as\u00ed poder terminar esos 13 kil\u00f3metros y se podr\u00e1 inaugurar en agosto\u201d, afirm\u00f3.<\/p>\n\n\n\n<p>De lograr el acuerdo de paz, \u00e9l lo firmar\u00eda, asegur\u00f3 el Presidente. En tanto, que a la poblaci\u00f3n asistiera para trabajos previos el director del Instituto Nacional de los Pueblos Ind\u00edgenas (INPI), Adelfo Regino; directivos de la Secretar\u00eda de Comunicaciones y Transportes y la Procuradur\u00eda Agraria.<\/p>\n","protected":false},"excerpt":{"rendered":"<p>Yuridiana Sosa\/Zona Roja. Oaxaca de Ju\u00e1rez, Oax., 29 de noviembre de 2021.- El Presidente de&hellip;<\/p>\n","protected":false},"author":2,"featured_media":24286,"comment_status":"closed","ping_status":"open","sticky":false,"template":"","format":"standard","meta":{"_lmt_disableupdate":"","_lmt_disable":"","_jetpack_memberships_contains_paid_content":false,"footnotes":""},"categories":[109,47],"tags":[1536],"class_list":["post-34832","post","type-post","status-publish","format-standard","has-post-thumbnail","hentry","category-minuto-a-minuto","category-zona-gris","tag-visita-andres-manuel-lopez-obrador-a-oaxaca"],"jetpack_featured_media_url":"https:\/\/zonaroja.com.mx\/wp-content\/uploads\/2021\/03\/Obras-supercarretera-Coatlan.jpg","jetpack_sharing_enabled":true,"_links":{"self":[{"href":"https:\/\/zonaroja.com.mx\/index.php?rest_route=\/wp\/v2\/posts\/34832","targetHints":{"allow":["GET"]}}],"collection":[{"href":"https:\/\/zonaroja.com.mx\/index.php?rest_route=\/wp\/v2\/posts"}],"about":[{"href":"https:\/\/zonaroja.com.mx\/index.php?rest_route=\/wp\/v2\/types\/post"}],"author":[{"embeddable":true,"href":"https:\/\/zonaroja.com.mx\/index.php?rest_route=\/wp\/v2\/users\/2"}],"replies":[{"embeddable":true,"href":"https:\/\/zonaroja.com.mx\/index.php?rest_route=%2Fwp%2Fv2%2Fcomments&post=34832"}],"version-history":[{"count":1,"href":"https:\/\/zonaroja.com.mx\/index.php?rest_route=\/wp\/v2\/posts\/34832\/revisions"}],"predecessor-version":[{"id":34833,"href":"https:\/\/zonaroja.com.mx\/index.php?rest_route=\/wp\/v2\/posts\/34832\/revisions\/34833"}],"wp:featuredmedia":[{"embeddable":true,"href":"https:\/\/zonaroja.com.mx\/index.php?rest_route=\/wp\/v2\/media\/24286"}],"wp:attachment":[{"href":"https:\/\/zonaroja.com.mx\/index.php?rest_route=%2Fwp%2Fv2%2Fmedia&parent=34832"}],"wp:term":[{"taxonomy":"category","embeddable":true,"href":"https:\/\/zonaroja.com.mx\/index.php?rest_route=%2Fwp%2Fv2%2Fcategories&post=34832"},{"taxonomy":"post_tag","embeddable":true,"href":"https:\/\/zonaroja.com.mx\/index.php?rest_route=%2Fwp%2Fv2%2Ftags&post=34832"}],"curies":[{"name":"wp","href":"https:\/\/api.w.org\/{rel}","templated":true}]}}