{"id":34834,"date":"2021-11-30T07:32:21","date_gmt":"2021-11-30T13:32:21","guid":{"rendered":"http:\/\/www.zonaroja.com.mx\/?p=34834"},"modified":"2021-11-30T07:32:24","modified_gmt":"2021-11-30T13:32:24","slug":"amlo-el-pueblo-de-oaxaca-elegira-al-candidato-de-morena-a-la-gubernatura","status":"publish","type":"post","link":"https:\/\/zonaroja.com.mx\/?p=34834","title":{"rendered":"AMLO: el pueblo de Oaxaca elegir\u00e1 al candidato de Morena a la gubernatura"},"content":{"rendered":"\n<p>Redacci\u00f3n\/Zona Roja Cdmx. Foto: Cortes\u00eda<\/p>\n\n\n\n<p>Ciudad de M\u00e9xico, 30 de noviembre de 2021.- Ser\u00e1 el pueblo de Oaxaca el que decida qui\u00e9n ser\u00e1 el candidato de Morena a la gubernatura de Oaxaca en 2022, asegur\u00f3 la ma\u00f1ana de este lunes el presidente Andr\u00e9s Manuel L\u00f3pez Obrador, al concluir una gira de trabajo de tres d\u00edas por dicha entidad, donde reconoci\u00f3 el trabajo coordinado que el gobierno federal ha mantenido desde su inicio con el gobernador Alejandro Murat Hinojosa, con quien supervis\u00f3 la construcci\u00f3n de la supercarretera Oaxaca-Puerto Escondido, la cual tiene un avance de 72.96 por ciento.<\/p>\n\n\n\n<p>Al encabezar la conferencia matutina este lunes en la 28 Zona Militar ubicada en Santa Luc\u00eda del Camino, municipio conurbado a la ciudad de Oaxaca, donde estuvo acompa\u00f1ado de Murat Hinojosa, as\u00ed como de los titulares de la Secretar\u00eda de Defensa Nacional, Luis Cresencio Sandoval; de la Secretar\u00eda de Seguridad P\u00fablica y Protecci\u00f3n Ciudadana, Rosa Icela Rodr\u00edguez, y de la Secretar\u00eda de Marina, Jos\u00e9 Ojeda Dur\u00e1n, el Ejecutivo federal fue interrogado respecto al proceso electoral que renovar\u00e1 la gubernatura.<\/p>\n\n\n\n<p>Refiri\u00f3 que \u00e9l no va a interferir en el proceso de selecci\u00f3n de candidato o candidata, pues ser\u00e1 el pueblo de Oaxaca el que elija el mejor perfil por medio de una encuesta, como lo marcan los estatutos del partido, de tal forma que ser\u00e1 el pueblo sabio quien seleccione al abanderado.<\/p>\n\n\n\n<p>Se\u00f1al\u00f3 que \u00e9l conoce bien a los seis aspirantes a la candidatura, principalmente a los senadores Salom\u00f3n Jara y Susana Harp, cuyo trabajo reconoci\u00f3; sin embargo, insisti\u00f3 en que \u00e9l no participar\u00e1 en dicho proceso de elecci\u00f3n, pues a los aspirantes los oaxaque\u00f1os los conocen mucho mejor.<\/p>\n\n\n\n<p>L\u00f3pez Obrador reconoci\u00f3 en el gobernador Alejandro Murat a un aliado con el que, destac\u00f3, ha venido trabajando de manera coordinada desde el inicio de la administraci\u00f3n federal, hace tres a\u00f1os, y con quien ha ejecutado diversos proyectos.<\/p>\n\n\n\n<p>(Informaci\u00f3n de \u201cLa Jornada\u201d)<\/p>\n","protected":false},"excerpt":{"rendered":"<p>Redacci\u00f3n\/Zona Roja Cdmx. Foto: Cortes\u00eda Ciudad de M\u00e9xico, 30 de noviembre de 2021.- Ser\u00e1 el&hellip;<\/p>\n","protected":false},"author":2,"featured_media":34835,"comment_status":"closed","ping_status":"open","sticky":false,"template":"","format":"standard","meta":{"_lmt_disableupdate":"","_lmt_disable":"","_jetpack_memberships_contains_paid_content":false,"footnotes":""},"categories":[109,46],"tags":[1685],"class_list":["post-34834","post","type-post","status-publish","format-standard","has-post-thumbnail","hentry","category-minuto-a-minuto","category-zona-blanca","tag-susana-harp-iturribarria"],"jetpack_featured_media_url":"https:\/\/zonaroja.com.mx\/wp-content\/uploads\/2021\/11\/Susana-Harp-y-Lopez-Obrador.jpg","jetpack_sharing_enabled":true,"_links":{"self":[{"href":"https:\/\/zonaroja.com.mx\/index.php?rest_route=\/wp\/v2\/posts\/34834","targetHints":{"allow":["GET"]}}],"collection":[{"href":"https:\/\/zonaroja.com.mx\/index.php?rest_route=\/wp\/v2\/posts"}],"about":[{"href":"https:\/\/zonaroja.com.mx\/index.php?rest_route=\/wp\/v2\/types\/post"}],"author":[{"embeddable":true,"href":"https:\/\/zonaroja.com.mx\/index.php?rest_route=\/wp\/v2\/users\/2"}],"replies":[{"embeddable":true,"href":"https:\/\/zonaroja.com.mx\/index.php?rest_route=%2Fwp%2Fv2%2Fcomments&post=34834"}],"version-history":[{"count":1,"href":"https:\/\/zonaroja.com.mx\/index.php?rest_route=\/wp\/v2\/posts\/34834\/revisions"}],"predecessor-version":[{"id":34836,"href":"https:\/\/zonaroja.com.mx\/index.php?rest_route=\/wp\/v2\/posts\/34834\/revisions\/34836"}],"wp:featuredmedia":[{"embeddable":true,"href":"https:\/\/zonaroja.com.mx\/index.php?rest_route=\/wp\/v2\/media\/34835"}],"wp:attachment":[{"href":"https:\/\/zonaroja.com.mx\/index.php?rest_route=%2Fwp%2Fv2%2Fmedia&parent=34834"}],"wp:term":[{"taxonomy":"category","embeddable":true,"href":"https:\/\/zonaroja.com.mx\/index.php?rest_route=%2Fwp%2Fv2%2Fcategories&post=34834"},{"taxonomy":"post_tag","embeddable":true,"href":"https:\/\/zonaroja.com.mx\/index.php?rest_route=%2Fwp%2Fv2%2Ftags&post=34834"}],"curies":[{"name":"wp","href":"https:\/\/api.w.org\/{rel}","templated":true}]}}