{"id":34840,"date":"2021-11-30T07:52:35","date_gmt":"2021-11-30T13:52:35","guid":{"rendered":"http:\/\/www.zonaroja.com.mx\/?p=34840"},"modified":"2021-11-30T07:52:38","modified_gmt":"2021-11-30T13:52:38","slug":"estrenan-pobladores-de-taviche-camino-pavimentado-costo-50-mdp","status":"publish","type":"post","link":"https:\/\/zonaroja.com.mx\/?p=34840","title":{"rendered":"Estrenan pobladores de Taviche camino pavimentado; cost\u00f3 50 mdp"},"content":{"rendered":"\n<p>Redacci\u00f3n\/Zona Roja.<\/p>\n\n\n\n<p>Oaxaca de Ju\u00e1rez, Oax. 29 de noviembre de 2021.- El gobernador Alejandro Murat Hinojosa y el presidente de M\u00e9xico, Andr\u00e9s Manuel L\u00f3pez Obrador, inauguraron ayer el camino de concreto hidr\u00e1ulico a San Jer\u00f3nimo Taviche, en la regi\u00f3n de los Valles Centrales; esto como parte del Programa de Pavimentaci\u00f3n de Caminos a Cabeceras Municipales que promueve el Gobierno de M\u00e9xico y que ahora beneficiar\u00e1 a mil 750 habitantes de esta comunidad.<\/p>\n\n\n\n<p>En un mensaje previo al corte del list\u00f3n, el gobernador Alejandro Murat mencion\u00f3 que estas acciones representan una oportunidad, un puente de desarrollo y de calidad de vida a las familias de todo Oaxaca, pues atienden las necesidades que exist\u00edan desde hace a\u00f1os, y por esa raz\u00f3n agradeci\u00f3 al Presidente, por ver hacia esta zona sureste del pa\u00eds.<\/p>\n\n\n\n<p>\u201cGracias a estos caminos se va a poder mover y comercializar el mezcal que se produce aqu\u00ed, el cual es uno de los mejores mezcales de la entidad, y tengo que reconocer tambi\u00e9n a la comunidad de San Pedro porque junto con San Jer\u00f3nimo, llegaron a un acuerdo de un conflicto agrario que llevaba m\u00e1s de 80 a\u00f1os y todo eso es gracias a que hoy hay desarrollo en esta tierra y a estos caminos\u201d, expuso el Gobernador.<\/p>\n\n\n\n<p>En su intervenci\u00f3n, el presidente Andr\u00e9s Manuel L\u00f3pez Obrador, dio un resumen de todos los caminos rurales que se han construido en el pa\u00eds y mencion\u00f3 que a finales del 2023, se espera est\u00e9n terminadas cada una de estas obras. Adem\u00e1s, reiter\u00f3 que el Gobierno Federal tiene una estrecha coordinaci\u00f3n con las autoridades estatales y municipales a fin de seguir trabajando en beneficio de las y los oaxaque\u00f1os.<\/p>\n\n\n\n<figure class=\"wp-block-embed is-type-rich is-provider-twitter wp-block-embed-twitter\"><div class=\"wp-block-embed__wrapper\">\n<div class=\"twitter-tweet\"><blockquote class=\"twitter-tweet\" data-lang=\"es\"><p lang=\"es\" dir=\"ltr\">As\u00ed \u201cchule\u00f3\u201d el presidente Andr\u00e9s Manuel L\u00f3pez Obrador, la pavimentaci\u00f3n artesanal del acceso a San Jer\u00f3nimo <a href=\"https:\/\/twitter.com\/hashtag\/Taviche?src=hash&amp;ref_src=twsrc%5Etfw\">#Taviche<\/a>, municipio del distrito de Ocotl\u00e1n, <a href=\"https:\/\/twitter.com\/hashtag\/Oaxaca?src=hash&amp;ref_src=twsrc%5Etfw\">#Oaxaca<\/a>, misma que inaugur\u00f3 este lunes, acompa\u00f1ado del gobernador <a href=\"https:\/\/twitter.com\/alejandromurat?ref_src=twsrc%5Etfw\">@AlejandroMurat<\/a> <a href=\"https:\/\/t.co\/U5WGDL9Fx9\">pic.twitter.com\/U5WGDL9Fx9<\/a><\/p>&mdash; Zona Roja Oaxaca (@Zona_Roja_Oax) <a href=\"https:\/\/twitter.com\/Zona_Roja_Oax\/status\/1465528611419693067?ref_src=twsrc%5Etfw\">30 de noviembre de 2021<\/a><\/blockquote><\/div>\n<\/div><\/figure>\n\n\n\n<p>\u201cEs muy importante el apoyo, el trabajo en equipo, que todas y todos hagamos lo que nos corresponde, porque as\u00ed se hacen mejor las cosas; a m\u00ed como Presidente me alivianan la carga tanto el Gobernador como las autoridades municipales, ya que el distribuirnos las labores se logran hacer grandes caminos como este, felicidades\u201d, manifest\u00f3.<\/p>\n\n\n\n<p>Tambi\u00e9n afirm\u00f3 que se atender\u00e1n las necesidades del sector salud, tanto en la entidad como en todo el pa\u00eds, para que de esa manera todas las personas tengan una mejor calidad y acceso a este tipo de servicios. \u201cAs\u00ed es como tenemos que caminar adelante, seguir gobernando, yo voy a seguir visitando Oaxaca hasta que terminemos la administraci\u00f3n\u201d, sostuvo.<\/p>\n\n\n\n<p>Durante su participaci\u00f3n, el secretario de Infraestructura, Comunicaciones y Transportes, Jorge Arganis D\u00edaz, se\u00f1al\u00f3 que estos caminos representan una nueva etapa de la vida econ\u00f3mica, cultural y social de las comunidades. \u201cSi en alg\u00fan lugar del pa\u00eds se aprecian estos principios, es justamente en Oaxaca, donde la tradici\u00f3n ancestral del tequio ha permitido culminar satisfactoriamente estos proyectos\u201d, dijo.&nbsp;<\/p>\n\n\n\n<p>Cabe destacar que esta obra tuvo una inversi\u00f3n de 49.45 millones de pesos y beneficiar\u00e1 a varias localidades de la zona, como Guegonivalle, Portillo el Guayabal, Pozo de la Canela y Mina Santa In\u00e9s. Adem\u00e1s, permiti\u00f3 reducir el tiempo de recorrido de 40 minutos a s\u00f3lo 15 minutos.<\/p>\n\n\n\n<p>Estuvieron presentes en el evento, el titular de la Secretar\u00eda de Hacienda y Cr\u00e9dito P\u00fablico (SHCP), Rogelio Ram\u00edrez de la O; el titular del Instituto Nacional de Pueblos Ind\u00edgenas (INPI), Adelfo Regino Montes; as\u00ed como el subsecretario de Infraestructura de la SICT, Jorge Nu\u00f1o Lara; el presidente municipal de San Jer\u00f3nimo Taviche, Santos Mart\u00ednez Hern\u00e1ndez y el presidente municipal de San Pedro Taviche, Macedonio D\u00edaz Palma.<\/p>\n\n\n\n<p>(Comunicado)<\/p>\n","protected":false},"excerpt":{"rendered":"<p>Redacci\u00f3n\/Zona Roja. Oaxaca de Ju\u00e1rez, Oax. 29 de noviembre de 2021.- El gobernador Alejandro Murat&hellip;<\/p>\n","protected":false},"author":2,"featured_media":34841,"comment_status":"closed","ping_status":"open","sticky":false,"template":"","format":"standard","meta":{"_lmt_disableupdate":"","_lmt_disable":"","_jetpack_memberships_contains_paid_content":false,"footnotes":""},"categories":[109,46],"tags":[1536],"class_list":["post-34840","post","type-post","status-publish","format-standard","has-post-thumbnail","hentry","category-minuto-a-minuto","category-zona-blanca","tag-visita-andres-manuel-lopez-obrador-a-oaxaca"],"jetpack_featured_media_url":"https:\/\/zonaroja.com.mx\/wp-content\/uploads\/2021\/11\/Caminos-pavimentados-Oaxaca-San-Jeronimo-Taviche.jpg","jetpack_sharing_enabled":true,"_links":{"self":[{"href":"https:\/\/zonaroja.com.mx\/index.php?rest_route=\/wp\/v2\/posts\/34840","targetHints":{"allow":["GET"]}}],"collection":[{"href":"https:\/\/zonaroja.com.mx\/index.php?rest_route=\/wp\/v2\/posts"}],"about":[{"href":"https:\/\/zonaroja.com.mx\/index.php?rest_route=\/wp\/v2\/types\/post"}],"author":[{"embeddable":true,"href":"https:\/\/zonaroja.com.mx\/index.php?rest_route=\/wp\/v2\/users\/2"}],"replies":[{"embeddable":true,"href":"https:\/\/zonaroja.com.mx\/index.php?rest_route=%2Fwp%2Fv2%2Fcomments&post=34840"}],"version-history":[{"count":1,"href":"https:\/\/zonaroja.com.mx\/index.php?rest_route=\/wp\/v2\/posts\/34840\/revisions"}],"predecessor-version":[{"id":34842,"href":"https:\/\/zonaroja.com.mx\/index.php?rest_route=\/wp\/v2\/posts\/34840\/revisions\/34842"}],"wp:featuredmedia":[{"embeddable":true,"href":"https:\/\/zonaroja.com.mx\/index.php?rest_route=\/wp\/v2\/media\/34841"}],"wp:attachment":[{"href":"https:\/\/zonaroja.com.mx\/index.php?rest_route=%2Fwp%2Fv2%2Fmedia&parent=34840"}],"wp:term":[{"taxonomy":"category","embeddable":true,"href":"https:\/\/zonaroja.com.mx\/index.php?rest_route=%2Fwp%2Fv2%2Fcategories&post=34840"},{"taxonomy":"post_tag","embeddable":true,"href":"https:\/\/zonaroja.com.mx\/index.php?rest_route=%2Fwp%2Fv2%2Ftags&post=34840"}],"curies":[{"name":"wp","href":"https:\/\/api.w.org\/{rel}","templated":true}]}}