{"id":34844,"date":"2021-11-30T08:53:49","date_gmt":"2021-11-30T14:53:49","guid":{"rendered":"http:\/\/www.zonaroja.com.mx\/?p=34844"},"modified":"2021-11-30T08:55:12","modified_gmt":"2021-11-30T14:55:12","slug":"ocupacion-y-empleo-en-oaxaca-la-mas-alta-del-pais-en-octubre-inegi","status":"publish","type":"post","link":"https:\/\/zonaroja.com.mx\/?p=34844","title":{"rendered":"Ocupaci\u00f3n y empleo en Oaxaca, la m\u00e1s alta del pa\u00eds en octubre: Inegi"},"content":{"rendered":"\n<p>Yuridiana Sosa\/ Zona Roja<\/p>\n\n\n\n<p>Oaxaca de Ju\u00e1rez, Oax., 30 de noviembre de 2021.- La Encuesta Nacional de Ocupaci\u00f3n y Empleo, Nueva Edici\u00f3n (ENOEN) del Inegi de octubre de este a\u00f1o, revel\u00f3 un alza a nivel nacional en las personas que se encuentran activas laboralmente, cifras tambi\u00e9n favorables para Oaxaca.<\/p>\n\n\n\n<p>Aunque la variaci\u00f3n de la cifra de la tasa de ocupaci\u00f3n entre octubre de este a\u00f1o respecto al a\u00f1o anterior es m\u00ednima para Oaxaca, el porcentaje s\u00ed es significativo en comparaci\u00f3n al resto de los estados, coloc\u00e1ndose en el primer lugar con la tasa de ocupaci\u00f3n m\u00e1s alta.<\/p>\n\n\n\n<p>En octubre del 2020 Oaxaca registr\u00f3 98.7 por ciento a 98.8 por ciento este a\u00f1o; le sigue Yucat\u00e1n con 98.6 por ciento y en tercer lugar lo comparte Baja California y Morelos con 98 por ciento.<\/p>\n\n\n\n<p>En el plano nacional, la ENOEN del Instituto Nacional de Estad\u00edstica y Geograf\u00eda (Inegi) indic\u00f3 que el 58.7 millones de personas de 15 a\u00f1os y m\u00e1s son Poblaci\u00f3n Econ\u00f3micamente Activa (PEA), lo cual se increment\u00f3 en comparaci\u00f3n al 2020 con un 3.3 millones de personas m\u00e1s.<\/p>\n\n\n\n<p>Por lo tanto, la poblaci\u00f3n desocupada descendi\u00f3 en m\u00e1s de 280 mil personas; este a\u00f1o la tasa es de 2.3 millones de personas e implic\u00f3 una tasa de 3.9% de la PEA.<\/p>\n\n\n\n<p>Del total de personas ocupadas, el 67.3 por ciento son trabajadores subordinados y remunerado; 23.3 por ciento trabajan de manera independiente o por su cuenta sin contratar empleados; lo que significa un incremento de 871 mil personas.<\/p>\n\n\n\n<p>Mientras que en el 5 por ciento son patrones o empleadores, cifra que se elev\u00f3 en 625 mil, y finalmente 2.5 millones de personas se desempe\u00f1an en los negocios o en las parcelas familiares, contribuyendo de manera directa a los procesos productivos, pero sin un acuerdo de remuneraci\u00f3n monetaria.<\/p>\n\n\n\n<p>Por sectores, la poblaci\u00f3n ocupada se distribuy\u00f3 en los servicios 42.9 por ciento del total; en el comercio 19.8 por ciento:&nbsp; en la industria manufacturera 15.9 por ciento; en las actividades agropecuarias 12.4 por ciento; en la construcci\u00f3n 7.6 por ciento, por mencionar los de mayor porcentaje.<\/p>\n","protected":false},"excerpt":{"rendered":"<p>Yuridiana Sosa\/ Zona Roja Oaxaca de Ju\u00e1rez, Oax., 30 de noviembre de 2021.- La Encuesta&hellip;<\/p>\n","protected":false},"author":2,"featured_media":34845,"comment_status":"closed","ping_status":"open","sticky":false,"template":"","format":"standard","meta":{"_lmt_disableupdate":"","_lmt_disable":"","_jetpack_memberships_contains_paid_content":false,"footnotes":""},"categories":[109,47],"tags":[],"class_list":["post-34844","post","type-post","status-publish","format-standard","has-post-thumbnail","hentry","category-minuto-a-minuto","category-zona-gris"],"jetpack_featured_media_url":"https:\/\/zonaroja.com.mx\/wp-content\/uploads\/2021\/11\/Empleo-oaxaca-Mexico.jpg","jetpack_sharing_enabled":true,"_links":{"self":[{"href":"https:\/\/zonaroja.com.mx\/index.php?rest_route=\/wp\/v2\/posts\/34844","targetHints":{"allow":["GET"]}}],"collection":[{"href":"https:\/\/zonaroja.com.mx\/index.php?rest_route=\/wp\/v2\/posts"}],"about":[{"href":"https:\/\/zonaroja.com.mx\/index.php?rest_route=\/wp\/v2\/types\/post"}],"author":[{"embeddable":true,"href":"https:\/\/zonaroja.com.mx\/index.php?rest_route=\/wp\/v2\/users\/2"}],"replies":[{"embeddable":true,"href":"https:\/\/zonaroja.com.mx\/index.php?rest_route=%2Fwp%2Fv2%2Fcomments&post=34844"}],"version-history":[{"count":2,"href":"https:\/\/zonaroja.com.mx\/index.php?rest_route=\/wp\/v2\/posts\/34844\/revisions"}],"predecessor-version":[{"id":34848,"href":"https:\/\/zonaroja.com.mx\/index.php?rest_route=\/wp\/v2\/posts\/34844\/revisions\/34848"}],"wp:featuredmedia":[{"embeddable":true,"href":"https:\/\/zonaroja.com.mx\/index.php?rest_route=\/wp\/v2\/media\/34845"}],"wp:attachment":[{"href":"https:\/\/zonaroja.com.mx\/index.php?rest_route=%2Fwp%2Fv2%2Fmedia&parent=34844"}],"wp:term":[{"taxonomy":"category","embeddable":true,"href":"https:\/\/zonaroja.com.mx\/index.php?rest_route=%2Fwp%2Fv2%2Fcategories&post=34844"},{"taxonomy":"post_tag","embeddable":true,"href":"https:\/\/zonaroja.com.mx\/index.php?rest_route=%2Fwp%2Fv2%2Ftags&post=34844"}],"curies":[{"name":"wp","href":"https:\/\/api.w.org\/{rel}","templated":true}]}}