{"id":34877,"date":"2021-12-01T08:22:57","date_gmt":"2021-12-01T14:22:57","guid":{"rendered":"http:\/\/www.zonaroja.com.mx\/?p=34877"},"modified":"2021-12-01T08:23:00","modified_gmt":"2021-12-01T14:23:00","slug":"detienen-a-presunto-implicado-en-crimenes-en-guerrero-grande-atatlahuca","status":"publish","type":"post","link":"https:\/\/zonaroja.com.mx\/?p=34877","title":{"rendered":"Detienen a presunto implicado en cr\u00edmenes en Guerrero Grande, Atatlahuca"},"content":{"rendered":"\n<p>Ismael Garc\u00eda M.\/Zona Roja.<\/p>\n\n\n\n<p>Oaxaca de Ju\u00e1rez, Oax., 1 de diciembre de 2021.- Personal de la Fiscal\u00eda General del Estado de Oaxaca detuvo ayer en la capital del estado a una persona del sexo masculino, acusado del delito de homicidio en la comunidad de Guerrero Grande, Santiago Juxtlahuaca.<\/p>\n\n\n\n<p>Se trata del profesor Juan Gabriel H. G., integrante de la dirigencia del Frente de Resistencia Ind\u00edgena, y quien adem\u00e1s hab\u00eda sido candidato a diputado local por el Partido Redes Sociales Progresistas; es se\u00f1alado adem\u00e1s de promover la violencia en Mier y Ter\u00e1n y Ndoyonuyuji.<\/p>\n\n\n\n<p>Son al menos tres cr\u00edmenes que se han perpetrado en agencias de San Esteban Atatlahuca, entre ellas el de una mujer, ocurrido el pasado 1 de agosto, adem\u00e1s de la quema de viviendas y el desplazamiento de unas 500 personas.<\/p>\n\n\n\n<p>En un comunicado, el Frente de Resistencia Ind\u00edgena Juxtlahuaca, conden\u00f3 la detenci\u00f3n de Juan Gabriel Hern\u00e1ndez Garc\u00eda y consider\u00f3 como arbitraria la detenci\u00f3n, registrada en la ciudad de Oaxaca.<\/p>\n\n\n\n<p>\u201cNuestro compa\u00f1ero y agente municipal de Guerrero Grande, ha sido v\u00edctima en diversas ocasiones de intento de asesinato, calumnias y desprestigio por parte de quienes se ven afectados sus intereses particulares, cuando todas las actividades de esta organizaci\u00f3n y de nuestro compa\u00f1ero han sido y siguen siendo encaminadas a la defensa y desarrollo del territorio y patrimonio de nuestros pueblos\u201d, sostuvo.<\/p>\n\n\n\n<p>El crimen por el que se le acusa es el perpetrado en contra de la se\u00f1ora Serapia, el 1 de agosto de este a\u00f1o, en la agencia de Guerrero Grande, por lo cual le fue librada la orden de aprehensi\u00f3n, bajo la causa penal 294\/2021.<\/p>\n","protected":false},"excerpt":{"rendered":"<p>Ismael Garc\u00eda M.\/Zona Roja. Oaxaca de Ju\u00e1rez, Oax., 1 de diciembre de 2021.- Personal de&hellip;<\/p>\n","protected":false},"author":2,"featured_media":34878,"comment_status":"closed","ping_status":"open","sticky":false,"template":"","format":"standard","meta":{"_lmt_disableupdate":"","_lmt_disable":"","_jetpack_memberships_contains_paid_content":false,"footnotes":""},"categories":[109,47],"tags":[2960],"class_list":["post-34877","post","type-post","status-publish","format-standard","has-post-thumbnail","hentry","category-minuto-a-minuto","category-zona-gris","tag-juan-gabriel-h-g-guerrero-grande-atatlahuca"],"jetpack_featured_media_url":"https:\/\/zonaroja.com.mx\/wp-content\/uploads\/2021\/12\/Detenido-Juan-Gabriel-Guerrero-Grande-Atatlahuca.jpg","jetpack_sharing_enabled":true,"_links":{"self":[{"href":"https:\/\/zonaroja.com.mx\/index.php?rest_route=\/wp\/v2\/posts\/34877","targetHints":{"allow":["GET"]}}],"collection":[{"href":"https:\/\/zonaroja.com.mx\/index.php?rest_route=\/wp\/v2\/posts"}],"about":[{"href":"https:\/\/zonaroja.com.mx\/index.php?rest_route=\/wp\/v2\/types\/post"}],"author":[{"embeddable":true,"href":"https:\/\/zonaroja.com.mx\/index.php?rest_route=\/wp\/v2\/users\/2"}],"replies":[{"embeddable":true,"href":"https:\/\/zonaroja.com.mx\/index.php?rest_route=%2Fwp%2Fv2%2Fcomments&post=34877"}],"version-history":[{"count":1,"href":"https:\/\/zonaroja.com.mx\/index.php?rest_route=\/wp\/v2\/posts\/34877\/revisions"}],"predecessor-version":[{"id":34879,"href":"https:\/\/zonaroja.com.mx\/index.php?rest_route=\/wp\/v2\/posts\/34877\/revisions\/34879"}],"wp:featuredmedia":[{"embeddable":true,"href":"https:\/\/zonaroja.com.mx\/index.php?rest_route=\/wp\/v2\/media\/34878"}],"wp:attachment":[{"href":"https:\/\/zonaroja.com.mx\/index.php?rest_route=%2Fwp%2Fv2%2Fmedia&parent=34877"}],"wp:term":[{"taxonomy":"category","embeddable":true,"href":"https:\/\/zonaroja.com.mx\/index.php?rest_route=%2Fwp%2Fv2%2Fcategories&post=34877"},{"taxonomy":"post_tag","embeddable":true,"href":"https:\/\/zonaroja.com.mx\/index.php?rest_route=%2Fwp%2Fv2%2Ftags&post=34877"}],"curies":[{"name":"wp","href":"https:\/\/api.w.org\/{rel}","templated":true}]}}