{"id":34888,"date":"2021-12-01T08:54:30","date_gmt":"2021-12-01T14:54:30","guid":{"rendered":"http:\/\/www.zonaroja.com.mx\/?p=34888"},"modified":"2021-12-01T08:54:34","modified_gmt":"2021-12-01T14:54:34","slug":"fortalecen-en-poder-judicial-materia-civil-mercantil-con-intercambio-de-experiencias","status":"publish","type":"post","link":"https:\/\/zonaroja.com.mx\/?p=34888","title":{"rendered":"Fortalecen en Poder Judicial materia civil-mercantil con intercambio de experiencias"},"content":{"rendered":"\n<p>Redacci\u00f3n\/Zona Roja.<\/p>\n\n\n\n<p>Oaxaca de Ju\u00e1rez, Oax., 1 de diciembre de 2021.- Para encontrar coincidencias respecto a la atenci\u00f3n de asuntos en materia civil y mercantil, magistradas y magistrados de las Salas Civiles del Tribunal Superior de Justicia, en coordinaci\u00f3n con la Escuela Judicial contin\u00faan con la jornada de \u201cReuniones virtuales regionales de intercambio de experiencias en materia civil-mercantil\u201d, con juezas y jueces.<\/p>\n\n\n\n<p>Enlazados por videoconferencia, revisaron diversos planteamientos en torno a las materias de su competencia, as\u00ed como necesidades y soluciones ante situaciones que enfrentan diariamente en la atenci\u00f3n a la sociedad.<\/p>\n\n\n\n<p>Como parte de las actividades de la Comisi\u00f3n en materia civil-mercantil del Poder Judicial del Estado, en \u00faltimas fechas se efectuaron las reuniones con jueces y juezas de las regiones de la Cuenca, Ca\u00f1ada y Sierra Norte; as\u00ed como Valles Centrales y Sierra Sur, concluyendo de esta manera la segunda ronda de la jornada.<\/p>\n\n\n\n<p>El objetivo es compartir experiencias de diversos temas del \u00e1rea civil y mercantil y su an\u00e1lisis para el fortalecimiento de las funciones de jueces y juezas con criterios que les ayuden a mejorar su labor diaria dentro de la instituci\u00f3n.<\/p>\n\n\n\n<p>La Primera Sala Civil se encuentra integrada por el magistrado decano Crescencio Modesto Mart\u00ednez Geminiano, el magistrado Juan Carlos D\u00edaz Carranza y la magistrada Mar\u00eda Laura Ortiz Aguirre; en tanto que la Segunda Sala Civil la conforman Ricardo Javier Herrera Muzgo Rebollo, Genoveva Dulce Javier Agust\u00edn y Mar\u00eda Eugenia Villanueva Abraj\u00e1n<\/p>\n\n\n\n<p>En la modalidad virtual, las y los jueces expusieron sus comentarios y agradecieron la apertura y el dialogo directo en estos encuentros que les permite un acercamiento e intercambio de opiniones a temas de su competencia. De manera presencial acompa\u00f1\u00f3 a magistradas y magistrados el director de Escuela Judicial, H\u00e9ctor Humberto V\u00e1squez Quevedo.<\/p>\n","protected":false},"excerpt":{"rendered":"<p>Redacci\u00f3n\/Zona Roja. Oaxaca de Ju\u00e1rez, Oax., 1 de diciembre de 2021.- Para encontrar coincidencias respecto&hellip;<\/p>\n","protected":false},"author":2,"featured_media":34889,"comment_status":"closed","ping_status":"open","sticky":false,"template":"","format":"standard","meta":{"_lmt_disableupdate":"","_lmt_disable":"","_jetpack_memberships_contains_paid_content":false,"footnotes":""},"categories":[109,46],"tags":[223],"class_list":["post-34888","post","type-post","status-publish","format-standard","has-post-thumbnail","hentry","category-minuto-a-minuto","category-zona-blanca","tag-poder-judicial-de-oaxaca"],"jetpack_featured_media_url":"https:\/\/zonaroja.com.mx\/wp-content\/uploads\/2021\/12\/Reunion-de-intercambio-de-experiencias.jpg","jetpack_sharing_enabled":true,"_links":{"self":[{"href":"https:\/\/zonaroja.com.mx\/index.php?rest_route=\/wp\/v2\/posts\/34888","targetHints":{"allow":["GET"]}}],"collection":[{"href":"https:\/\/zonaroja.com.mx\/index.php?rest_route=\/wp\/v2\/posts"}],"about":[{"href":"https:\/\/zonaroja.com.mx\/index.php?rest_route=\/wp\/v2\/types\/post"}],"author":[{"embeddable":true,"href":"https:\/\/zonaroja.com.mx\/index.php?rest_route=\/wp\/v2\/users\/2"}],"replies":[{"embeddable":true,"href":"https:\/\/zonaroja.com.mx\/index.php?rest_route=%2Fwp%2Fv2%2Fcomments&post=34888"}],"version-history":[{"count":1,"href":"https:\/\/zonaroja.com.mx\/index.php?rest_route=\/wp\/v2\/posts\/34888\/revisions"}],"predecessor-version":[{"id":34890,"href":"https:\/\/zonaroja.com.mx\/index.php?rest_route=\/wp\/v2\/posts\/34888\/revisions\/34890"}],"wp:featuredmedia":[{"embeddable":true,"href":"https:\/\/zonaroja.com.mx\/index.php?rest_route=\/wp\/v2\/media\/34889"}],"wp:attachment":[{"href":"https:\/\/zonaroja.com.mx\/index.php?rest_route=%2Fwp%2Fv2%2Fmedia&parent=34888"}],"wp:term":[{"taxonomy":"category","embeddable":true,"href":"https:\/\/zonaroja.com.mx\/index.php?rest_route=%2Fwp%2Fv2%2Fcategories&post=34888"},{"taxonomy":"post_tag","embeddable":true,"href":"https:\/\/zonaroja.com.mx\/index.php?rest_route=%2Fwp%2Fv2%2Ftags&post=34888"}],"curies":[{"name":"wp","href":"https:\/\/api.w.org\/{rel}","templated":true}]}}