{"id":34891,"date":"2021-12-01T09:05:52","date_gmt":"2021-12-01T15:05:52","guid":{"rendered":"http:\/\/www.zonaroja.com.mx\/?p=34891"},"modified":"2021-12-01T09:05:57","modified_gmt":"2021-12-01T15:05:57","slug":"tribunal-contra-la-violencia-feminicida-emite-sentencia-sobre-siete-casos","status":"publish","type":"post","link":"https:\/\/zonaroja.com.mx\/?p=34891","title":{"rendered":"Tribunal contra la Violencia Feminicida emite sentencia sobre siete casos"},"content":{"rendered":"\n<p>Redacci\u00f3n\/Zona Roja.<\/p>\n\n\n\n<p>Oaxaca de Ju\u00e1rez, Oax., 1 de diciembre de 2021.- Luego de analizar los testimonios de siete casos de feminicidio ocurridos en la regi\u00f3n de la Mixteca, en el Istmo de Tehuantepec y en el centro del estado, las cinco juezas que integran el Tribunal Feminista contra la Violencia Feminicida en Oaxaca emitieron una sentencia en la que condenan al Estado mexicano y las autoridades de la entidad federativa de Oaxaca, por las graves violaciones a los derechos humanos de las mujeres, ni\u00f1as y ni\u00f1os, violaci\u00f3n al derecho a la verdad, al acceso a la justicia, al derecho a una vida libre de violencia y discriminaci\u00f3n.<\/p>\n\n\n\n<p>En la sentencia emitida la tarde de ayer ante un nutrido p\u00fablico, medios de comunicaci\u00f3n y familiares de las v\u00edctimas de feminicidio, las juezas se\u00f1alan como responsables de la ausencia de justicia a los funcionarios de las siguientes instituciones de Oaxaca: la Fiscal\u00eda General, el Tribunal Superior de Justicia y diversas autoridades municipales.<\/p>\n\n\n\n<p>De igual forma, el Tribunal insta al Congreso del Estado a la Comisi\u00f3n Ejecutiva de Atenci\u00f3n a V\u00edctimas, al ejecutivo del estado de Oaxaca y al Tribunal Superior de Justicia a que adopten medidas de car\u00e1cter general que les permitan cumplir con sus obligaciones en materia de derechos humanos.<\/p>\n\n\n\n<p>En el recuento de las violaciones cometidas en los siete casos, se mencionen entre otras, la del derecho humano de las mujeres a vivir una vida libre de violencia, el acceso a la justicia, y la obligaci\u00f3n de garantizar autoridades independientes e imparciales.<\/p>\n\n\n\n<p>\u201cEn todos los casos se pudo observar que el estado de Oaxaca carece de autoridades y personal, incluyendo autoridades ministeriales y judiciales, debidamente sensibilizadas y capacitadas para tomar decisiones y emitir resoluciones con perspectiva de g\u00e9nero, de tal forma que, como lo se\u00f1ala la Suprema Corte de Justicia de la Naci\u00f3n (SCJN), estas autoridades omiten cumplir con sus obligaciones\u201d, se indica en el documento.<\/p>\n\n\n\n<p>COMPLICIDADES EN CASO DE FOTOPERIODISTA<\/p>\n\n\n\n<p>Se menciona que para el Tribunal el caso de Mar\u00eda del Sol Cruz Jarqu\u00edn resulta ser el de mayor complejidad debido a los actores pol\u00edticos involucrados, las redes de complicidad y corrupci\u00f3n en Oaxaca, y la falta de mecanismos jur\u00eddicos que permitan a una autoridad federal la investigaci\u00f3n del mismo. Por ello, recomienda que sea llevado a instancias internacionales, siendo esta la \u00fanica posibilidad real de que el Estado mexicano pueda ser obligado a garantizar el acceso a la justicia, tanto a la v\u00edctima como a su madre Soledad Jarqu\u00edn.<\/p>\n\n\n\n<p>En la Fuente de las Ocho Regiones, donde el pasado 25 de noviembre fue devalada la \u201cAntimonumenta\u201d por mujeres oaxaque\u00f1as, como s\u00edmbolo que expresa la unidad, la fuerza y el desaf\u00edo, que son valores de la lucha feminista, el Tribunal concluye la existencia de un patr\u00f3n de impunidad sistem\u00e1tica cuyo principal asidero se encuentra en la falta de voluntad o incapacidad de las autoridades para implementar de forma efectiva y adecuada el marco jur\u00eddico nacional e internacional de derechos de las mujeres a una vida libre, digna, plena.<\/p>\n\n\n\n<p>\u201cRespecto a los impactos psicosociales existen similitudes en todos los casos sobre los sentimientos de desconsuelo, tristeza, crisis c\u00edclicas de llanto, depresi\u00f3n, estr\u00e9s postraum\u00e1tico, ansiedad, incertidumbre, enojo, decepci\u00f3n, impotencia, fatalismo, miedo y a veces p\u00e9rdida de confianza en la humanidad\u201d, se indica en la sentencia.<\/p>\n\n\n\n<p>Se agrega que preocupa sobremanera el total abandono institucional a las ni\u00f1as, ni\u00f1os y adolescentes, v\u00edctimas indirectas en estos delitos, hermanos e hijos de las mujeres asesinadas.<\/p>\n\n\n\n<p>S\u00d3LO IMPUNIDAD<\/p>\n\n\n\n<p>Las familiares de las v\u00edctimas que presentaron sus casos son: Minerva Ram\u00edrez Torres, hermana de Quedma Ram\u00edrez Torres; Luz del Carmen C\u00e1mara Hern\u00e1ndez, madre de Lizbeth Jim\u00e9nez C\u00e1mara; Zoila Bengochea Espitia, madre de Dafne Denisse Carre\u00f1o Bengochea; Norma Hern\u00e1ndez Burgos, prima de Mar\u00eda Carmen Paula Burgos; Gerarda Pastrana Ram\u00edrez, madre de Melisa Areli Rojas Pastrana; Elvira Camacho Bautista, madre de Iv\u00f3n Jim\u00e9nez Camacho; Soledad Jarqu\u00edn Edgar, madre de Mar\u00eda del Sol Cruz Jarqu\u00edn.<\/p>\n\n\n\n<p>Adem\u00e1s de los cuatro casos de violencia feminicida presentados, el Tribunal Feminista contra el Feminicidio en Oaxaca atendi\u00f3 una denuncia an\u00f3nima de violencia sexual y otra de violencia familiar, expuesta por Luvia Jeanett Altamirano Raymundo.<\/p>\n\n\n\n<p>La Organizaci\u00f3n Feminista Consorcio para El Di\u00e1logo Parlamentario y la Equidad, Oaxaca, la Colectiva de Madres contra el Feminicidio y la Impunidad, as\u00ed como el Observatorio Ciudadano Nacional del Feminicidio (OCNF) convocaron a la conformaci\u00f3n de un Tribunal Feminista contra el Feminicidio en la Ciudad de Oaxaca los d\u00edas 29 y 30 de noviembre de 2021, el cual se integr\u00f3 por las juezas Mar\u00eda de la Luz Estrada Mendoza, del OCNF; Ruth Fierro Pineda, del Centro de Derechos Humanos para las Mujeres (CEDHEM); Norma Gonz\u00e1lez Ben\u00edtez, de Amnist\u00eda Internacional; Ana Yeli P\u00e9rez Garrido, de Justicia Propersona\/OCNF y Karla Micheel Salas Ram\u00edrez, del Grupo de Acci\u00f3n por los Derechos Humanos y la Justicia Social.<\/p>\n","protected":false},"excerpt":{"rendered":"<p>Redacci\u00f3n\/Zona Roja. Oaxaca de Ju\u00e1rez, Oax., 1 de diciembre de 2021.- Luego de analizar los&hellip;<\/p>\n","protected":false},"author":2,"featured_media":34892,"comment_status":"closed","ping_status":"open","sticky":false,"template":"","format":"standard","meta":{"_lmt_disableupdate":"","_lmt_disable":"","_jetpack_memberships_contains_paid_content":false,"footnotes":""},"categories":[109,47],"tags":[548],"class_list":["post-34891","post","type-post","status-publish","format-standard","has-post-thumbnail","hentry","category-minuto-a-minuto","category-zona-gris","tag-consorcio-oaxaca"],"jetpack_featured_media_url":"https:\/\/zonaroja.com.mx\/wp-content\/uploads\/2021\/12\/Tribunal-Feminista-Oaxaca.jpg","jetpack_sharing_enabled":true,"_links":{"self":[{"href":"https:\/\/zonaroja.com.mx\/index.php?rest_route=\/wp\/v2\/posts\/34891","targetHints":{"allow":["GET"]}}],"collection":[{"href":"https:\/\/zonaroja.com.mx\/index.php?rest_route=\/wp\/v2\/posts"}],"about":[{"href":"https:\/\/zonaroja.com.mx\/index.php?rest_route=\/wp\/v2\/types\/post"}],"author":[{"embeddable":true,"href":"https:\/\/zonaroja.com.mx\/index.php?rest_route=\/wp\/v2\/users\/2"}],"replies":[{"embeddable":true,"href":"https:\/\/zonaroja.com.mx\/index.php?rest_route=%2Fwp%2Fv2%2Fcomments&post=34891"}],"version-history":[{"count":1,"href":"https:\/\/zonaroja.com.mx\/index.php?rest_route=\/wp\/v2\/posts\/34891\/revisions"}],"predecessor-version":[{"id":34893,"href":"https:\/\/zonaroja.com.mx\/index.php?rest_route=\/wp\/v2\/posts\/34891\/revisions\/34893"}],"wp:featuredmedia":[{"embeddable":true,"href":"https:\/\/zonaroja.com.mx\/index.php?rest_route=\/wp\/v2\/media\/34892"}],"wp:attachment":[{"href":"https:\/\/zonaroja.com.mx\/index.php?rest_route=%2Fwp%2Fv2%2Fmedia&parent=34891"}],"wp:term":[{"taxonomy":"category","embeddable":true,"href":"https:\/\/zonaroja.com.mx\/index.php?rest_route=%2Fwp%2Fv2%2Fcategories&post=34891"},{"taxonomy":"post_tag","embeddable":true,"href":"https:\/\/zonaroja.com.mx\/index.php?rest_route=%2Fwp%2Fv2%2Ftags&post=34891"}],"curies":[{"name":"wp","href":"https:\/\/api.w.org\/{rel}","templated":true}]}}