{"id":34894,"date":"2021-12-01T09:20:26","date_gmt":"2021-12-01T15:20:26","guid":{"rendered":"http:\/\/www.zonaroja.com.mx\/?p=34894"},"modified":"2021-12-01T15:03:30","modified_gmt":"2021-12-01T21:03:30","slug":"quitan-amlo-luis-antonio-ramirez-pineda-de-contienda-y-lo-baja-del-imss","status":"publish","type":"post","link":"https:\/\/zonaroja.com.mx\/?p=34894","title":{"rendered":"Quitan AMLO Luis Antonio Ram\u00edrez Pineda de contienda y lo baja del ISSSTE"},"content":{"rendered":"\n<p>Ismael Garc\u00eda M.\/Zona Roja.<\/p>\n\n\n\n<p>Oaxaca de Ju\u00e1rez, Oax., 1 de diciembre de 2021.- Por no contar con simpat\u00eda de los oaxaque\u00f1os y usar recursos p\u00fablicos para su promoci\u00f3n pol\u00edtica, el Presidente Andr\u00e9s Manuel L\u00f3pez Obrador quit\u00f3 del ISSSTE a Luis Antonio Ram\u00edrez Pineda y le dio un cargo menor.<\/p>\n\n\n\n<p>Con ello, qued\u00f3 descartado totalmente para la contienda por la gubernatura por el Partido Morena, al no ser considerado como militante de Morena y, seg\u00fan ese partido, no haber renunciado al PRI, en el cual ha militado toda su vida, al lado de su padre, el ex gobernador Heladio Ram\u00edrez L\u00f3pez.<\/p>\n\n\n\n<p>Anoche, el titular de la Secretar\u00eda de Gobernaci\u00f3n, Ad\u00e1n Augusto Hern\u00e1ndez, dio posesi\u00f3n a tres funcionarios, entre ellos Ram\u00edrez Pineda, que lo nombr\u00f3 director de Nacional Financiera y del Banco de Comercio Exterior. <\/p>\n\n\n\n<p>En su lugar, en el ISSSTE, nombr\u00f3 a Mario Zenteno Santaella, quien era responsable de Laboratorios Biol\u00f3gicos y Reactivos de M\u00e9xico.<\/p>\n\n\n\n<p>Hace dos semanas, el articulista de \u201cEl Universal\u201d, Mario Maldonado, public\u00f3 que el entonces titular del Instituto, ten\u00eda una constructora favorita.<\/p>\n\n\n\n<p>\u201cUn grupo de compa\u00f1\u00edas vinculadas al empresario Luis Francisco Molleda C\u00e1mara obtuvo contratos por cerca de 356 millones de pesos para proveer material de curaci\u00f3n al ISSSTE.<\/p>\n\n\n\n<p>\u201cFue la \u00faltima licitaci\u00f3n de varias que entreg\u00f3 el director saliente, Luis Antonio Ram\u00edrez Pineda, antes de irse a pelear la candidatura de Morena a la gubernatura de Oaxaca.<\/p>\n\n\n\n<p>\u201cLa historia de Molleda C\u00e1mara comenz\u00f3 de la mano de otro contratista cuestionado por ser favorito de instituciones p\u00fablicas como el ISSSTE, Carlos Barrera de los R\u00edos, con quien coincidi\u00f3 en la universidad y posteriormente en una f\u00e1brica de telas. Barrera ocup\u00f3 cargos directivos en el instituto previo a convertirse en su proveedor.<\/p>\n\n\n\n<p>\u201cEstas relaciones y el modus operandi para simular competencia en las licitaciones p\u00fablicas han sido ventiladas por lo menos desde 2016, pero las autoridades mexicanas no se han ocupado del caso. Sobre los \u00faltimos contratos que entreg\u00f3 Ram\u00edrez Pineda en el ISSSTE a esta red de empresas vinculadas al llamado \u201cse\u00f1or de las compras\u201d, destacan los siguientes:<\/p>\n\n\n\n<p>\u201cEn el proceso LA-051GYN013-E50-2021 para comprar insumos m\u00e9dicos en el ISSSTE mediante 33 partidas presupuestales, Grupo Jenai obtuvo adjudicaciones por 75 millones de pesos, Wayak Media por 65.6 millones, Am Cenit por 1.4 millones de pesos y Regi\u00f3n de los R\u00edos por 2.4 millones de pesos.<\/p>\n\n\n\n<p>\u201cEn la compra LA-051GYN013-E52-2021, con 59 claves de ropa quir\u00fargica y hospitalaria a concurso, Todo para la Salud obtuvo 25 de ellas, por lo que la bolsa l\u00edmite qued\u00f3 en 110.6 millones de pesos, mientras que para Capa Textil fue de 44.4 millones de pesos; para Regi\u00f3n de los R\u00edos de 30.2 millones de pesos, y para Ayma Herramientas de 26.6 millones de pesos\u201d, public\u00f3.<\/p>\n\n\n\n<p>La informaci\u00f3n completa se puede consultar aqu\u00ed:<\/p>\n\n\n\n<figure class=\"wp-block-embed\"><div class=\"wp-block-embed__wrapper\">\nhttps:\/\/www.eluniversal.com.mx\/opinion\/mario-maldonado\/el-contratista-preferido-del-issste\n<\/div><\/figure>\n","protected":false},"excerpt":{"rendered":"<p>Ismael Garc\u00eda M.\/Zona Roja. Oaxaca de Ju\u00e1rez, Oax., 1 de diciembre de 2021.- Por no&hellip;<\/p>\n","protected":false},"author":2,"featured_media":34895,"comment_status":"closed","ping_status":"open","sticky":false,"template":"","format":"standard","meta":{"_lmt_disableupdate":"","_lmt_disable":"","_jetpack_memberships_contains_paid_content":false,"footnotes":""},"categories":[109,47],"tags":[],"class_list":["post-34894","post","type-post","status-publish","format-standard","has-post-thumbnail","hentry","category-minuto-a-minuto","category-zona-gris"],"jetpack_featured_media_url":"https:\/\/zonaroja.com.mx\/wp-content\/uploads\/2021\/12\/Designaciones-AMLO-Ramirez-Pineda-Luis-Antonio.jpg","jetpack_sharing_enabled":true,"_links":{"self":[{"href":"https:\/\/zonaroja.com.mx\/index.php?rest_route=\/wp\/v2\/posts\/34894","targetHints":{"allow":["GET"]}}],"collection":[{"href":"https:\/\/zonaroja.com.mx\/index.php?rest_route=\/wp\/v2\/posts"}],"about":[{"href":"https:\/\/zonaroja.com.mx\/index.php?rest_route=\/wp\/v2\/types\/post"}],"author":[{"embeddable":true,"href":"https:\/\/zonaroja.com.mx\/index.php?rest_route=\/wp\/v2\/users\/2"}],"replies":[{"embeddable":true,"href":"https:\/\/zonaroja.com.mx\/index.php?rest_route=%2Fwp%2Fv2%2Fcomments&post=34894"}],"version-history":[{"count":3,"href":"https:\/\/zonaroja.com.mx\/index.php?rest_route=\/wp\/v2\/posts\/34894\/revisions"}],"predecessor-version":[{"id":34898,"href":"https:\/\/zonaroja.com.mx\/index.php?rest_route=\/wp\/v2\/posts\/34894\/revisions\/34898"}],"wp:featuredmedia":[{"embeddable":true,"href":"https:\/\/zonaroja.com.mx\/index.php?rest_route=\/wp\/v2\/media\/34895"}],"wp:attachment":[{"href":"https:\/\/zonaroja.com.mx\/index.php?rest_route=%2Fwp%2Fv2%2Fmedia&parent=34894"}],"wp:term":[{"taxonomy":"category","embeddable":true,"href":"https:\/\/zonaroja.com.mx\/index.php?rest_route=%2Fwp%2Fv2%2Fcategories&post=34894"},{"taxonomy":"post_tag","embeddable":true,"href":"https:\/\/zonaroja.com.mx\/index.php?rest_route=%2Fwp%2Fv2%2Ftags&post=34894"}],"curies":[{"name":"wp","href":"https:\/\/api.w.org\/{rel}","templated":true}]}}