{"id":34899,"date":"2021-12-01T16:43:56","date_gmt":"2021-12-01T22:43:56","guid":{"rendered":"http:\/\/www.zonaroja.com.mx\/?p=34899"},"modified":"2021-12-01T16:44:00","modified_gmt":"2021-12-01T22:44:00","slug":"inestabilidad-y-encono-en-centro-historico-ante-olvido-de-autoridades","status":"publish","type":"post","link":"https:\/\/zonaroja.com.mx\/?p=34899","title":{"rendered":"Inestabilidad y encono en Centro Hist\u00f3rico, ante olvido de autoridades"},"content":{"rendered":"\n<p>Yuridiana Sosa\/Zona Roja.<\/p>\n\n\n\n<p>Oaxaca de Ju\u00e1rez, Oax., 1 de diciembre de 2021.- La exigencia por parte del comercio establecido del Centro Hist\u00f3rico de la capital de Oaxaca para liberar las calles \u201ctomadas\u201d por ambulantes, caus\u00f3 la reacci\u00f3n violenta de los informales, presuntamente de la organizaci\u00f3n Frente Popular \u201c14 de Junio\u201d.<\/p>\n\n\n\n<p>Empresarios y vecinos de la zona, hartos por la inestabilidad econ\u00f3mica que les genera el cierre de la calle de Col\u00f3n, esta ma\u00f1ana colocaron lonas sobre esa vialidad, como forma de protesta, para exigir al gobernador Alejandro Murat Hinojosa una mesa urgente de di\u00e1logo para dar soluci\u00f3n integral al libre tr\u00e1nsito.<\/p>\n\n\n\n<p>Ante el hecho, vendedores supuestamente adheridos a la organizaci\u00f3n Frente Popular \u201c14 de junio\u201d arribaron a la esquina de la calle de Bustamante y Col\u00f3n &#8211;a unos pasos de Palacio de Gobierno&#8211; para retirar con violencia la lona, pues argumentaron que \u201csu patr\u00f3n\u201d no permite esas acciones, a pesar que los letreros atados de fachadas particulares de comerciantes establecidos.<\/p>\n\n\n\n<p>El presidente del Comit\u00e9 de Vida Vecinal (Comvive) de la calle Col\u00f3n, Francisco Jorge S\u00e1nchez, se\u00f1al\u00f3 que mientras ellos trabajan sin las garant\u00edas de todos sus derechos, el gobernador y el presidente de la capital, Oswaldo Garc\u00eda Jarqu\u00edn no se responsabilizan de actuar.<\/p>\n\n\n\n<figure class=\"wp-block-embed is-type-rich is-provider-twitter wp-block-embed-twitter\"><div class=\"wp-block-embed__wrapper\">\n<div class=\"twitter-tweet\"><blockquote class=\"twitter-tweet\" data-lang=\"es\"><p lang=\"es\" dir=\"ltr\"><a href=\"https:\/\/twitter.com\/hashtag\/%C3%9AltimoMinuto?src=hash&amp;ref_src=twsrc%5Etfw\">#\u00daltimoMinuto<\/a> <br>Esta es la denuncia que hace el dirigente del Comit\u00e9 de Vida Vecinal (Comvive) de la calle Col\u00f3n de la ciudad de <a href=\"https:\/\/twitter.com\/hashtag\/Oaxaca?src=hash&amp;ref_src=twsrc%5Etfw\">#Oaxaca<\/a>, por las constantes agresiones e invasiones de ambulantes, sin que el <a href=\"https:\/\/twitter.com\/GobOax?ref_src=twsrc%5Etfw\">@goboax<\/a> y el <a href=\"https:\/\/twitter.com\/MunicipioOaxaca?ref_src=twsrc%5Etfw\">@MunicipioOaxaca<\/a> hagan algo. <a href=\"https:\/\/t.co\/zpiIUiEXEu\">pic.twitter.com\/zpiIUiEXEu<\/a><\/p>&mdash; Zona Roja Oaxaca (@Zona_Roja_Oax) <a href=\"https:\/\/twitter.com\/Zona_Roja_Oax\/status\/1466108390405517313?ref_src=twsrc%5Etfw\">1 de diciembre de 2021<\/a><\/blockquote><\/div>\n<\/div><\/figure>\n\n\n\n<p>Mientras que Murat Hinojosa afirma que Garc\u00eda Jarqu\u00edn no le ha solicitado ayuda, y por su parte el edil dice que s\u00ed ha pedido intervenci\u00f3n, pero no es atendido. Por lo que el comercio formal se\u00f1ala que ambos han fallado para aplicar el orden.<\/p>\n\n\n\n<p>Los comerciantes establecidos refieren que los vendedores informales tambi\u00e9n est\u00e1n en su derecho a trabajar y que sus garant\u00edas sean respetadas, pero sin afectar a otros, sin embargo, los ambulantes mantienen \u201ctomadas\u201d las calles sin permitir el gozo al libre tr\u00e1nsito a la ciudadan\u00eda.<\/p>\n\n\n\n<p>Por el conflicto de esta ma\u00f1ana, los representantes de los vecinos y comerciantes solicitaron el apoyo de la Polic\u00eda Municipal para resguardar el \u00e1rea y evitar ataques por parte de la organizaci\u00f3n, y es que este grupo se ha caracterizado por agredir a sus contrarios y defender con violencia sus espacios p\u00fablicos.<\/p>\n","protected":false},"excerpt":{"rendered":"<p>Yuridiana Sosa\/Zona Roja. Oaxaca de Ju\u00e1rez, Oax., 1 de diciembre de 2021.- La exigencia por&hellip;<\/p>\n","protected":false},"author":2,"featured_media":34900,"comment_status":"closed","ping_status":"open","sticky":false,"template":"","format":"standard","meta":{"_lmt_disableupdate":"","_lmt_disable":"","_jetpack_memberships_contains_paid_content":false,"footnotes":""},"categories":[109,47],"tags":[],"class_list":["post-34899","post","type-post","status-publish","format-standard","has-post-thumbnail","hentry","category-minuto-a-minuto","category-zona-gris"],"jetpack_featured_media_url":"https:\/\/zonaroja.com.mx\/wp-content\/uploads\/2021\/12\/Comerciantes-establecidos-Colon-ciudad-de-Oaxaca.jpg","jetpack_sharing_enabled":true,"_links":{"self":[{"href":"https:\/\/zonaroja.com.mx\/index.php?rest_route=\/wp\/v2\/posts\/34899","targetHints":{"allow":["GET"]}}],"collection":[{"href":"https:\/\/zonaroja.com.mx\/index.php?rest_route=\/wp\/v2\/posts"}],"about":[{"href":"https:\/\/zonaroja.com.mx\/index.php?rest_route=\/wp\/v2\/types\/post"}],"author":[{"embeddable":true,"href":"https:\/\/zonaroja.com.mx\/index.php?rest_route=\/wp\/v2\/users\/2"}],"replies":[{"embeddable":true,"href":"https:\/\/zonaroja.com.mx\/index.php?rest_route=%2Fwp%2Fv2%2Fcomments&post=34899"}],"version-history":[{"count":1,"href":"https:\/\/zonaroja.com.mx\/index.php?rest_route=\/wp\/v2\/posts\/34899\/revisions"}],"predecessor-version":[{"id":34901,"href":"https:\/\/zonaroja.com.mx\/index.php?rest_route=\/wp\/v2\/posts\/34899\/revisions\/34901"}],"wp:featuredmedia":[{"embeddable":true,"href":"https:\/\/zonaroja.com.mx\/index.php?rest_route=\/wp\/v2\/media\/34900"}],"wp:attachment":[{"href":"https:\/\/zonaroja.com.mx\/index.php?rest_route=%2Fwp%2Fv2%2Fmedia&parent=34899"}],"wp:term":[{"taxonomy":"category","embeddable":true,"href":"https:\/\/zonaroja.com.mx\/index.php?rest_route=%2Fwp%2Fv2%2Fcategories&post=34899"},{"taxonomy":"post_tag","embeddable":true,"href":"https:\/\/zonaroja.com.mx\/index.php?rest_route=%2Fwp%2Fv2%2Ftags&post=34899"}],"curies":[{"name":"wp","href":"https:\/\/api.w.org\/{rel}","templated":true}]}}