{"id":34904,"date":"2021-12-01T20:24:28","date_gmt":"2021-12-02T02:24:28","guid":{"rendered":"http:\/\/www.zonaroja.com.mx\/?p=34904"},"modified":"2021-12-01T20:24:32","modified_gmt":"2021-12-02T02:24:32","slug":"llama-diputada-rueda-gomez-a-fiscalias-a-investigar-ataques-a-senadora-harp","status":"publish","type":"post","link":"https:\/\/zonaroja.com.mx\/?p=34904","title":{"rendered":"Llama diputada Rueda G\u00f3mez a Fiscal\u00edas a investigar ataques a senadora Harp"},"content":{"rendered":"\n<p>Yuridiana Sosa\/Zona Roja.<\/p>\n\n\n\n<p>Oaxaca de Ju\u00e1rez, Oax., 1 de diciembre de 2021.- La diputada local por Morena, Concepci\u00f3n Rueda G\u00f3mez, llam\u00f3 a la Fiscal\u00eda General del Estado de Oaxaca (FGEO) y a la Fiscal\u00eda Especializada en Delitos Electorales, a investigar la violencia pol\u00edtica por raz\u00f3n de g\u00e9nero que se est\u00e1 ejerciendo contra la senadora Susana Harp, aspirante a la candidatura para gobernador Oaxaca.<\/p>\n\n\n\n<p>En sesi\u00f3n ordinaria de la 65 Legislatura de ayer, la legisladora se pronunci\u00f3 contra los ataques de forma digital y f\u00edsica &#8211;al amedrentar en un acto con uso de armas de fuego&#8211; que se han realizado en contra de la senadora desde que manifest\u00f3 su participaci\u00f3n en la contienda interna del Partido Morena en busca de ser candidato para la contienda electoral del 5 de junio de 2022.<\/p>\n\n\n\n<p>Rueda G\u00f3mez exhort\u00f3 a los contendientes del proceso interno de Morena a conducirse con respeto, as\u00ed como al Comit\u00e9 Ejecutivo Estatal y Nacional de Morena a atender estos actos que ya son un foco rojo en la contienda.<\/p>\n\n\n\n<p>\u201cEs evidente que se est\u00e1 generando un contexto de hostilidad contra la senadora, pretendiendo sembrar confusi\u00f3n y miedo contra un proyecto que representa a las mujeres\u201d, manifest\u00f3.<\/p>\n\n\n\n<figure class=\"wp-block-embed is-type-rich is-provider-twitter wp-block-embed-twitter\"><div class=\"wp-block-embed__wrapper\">\n<div class=\"twitter-tweet\"><blockquote class=\"twitter-tweet\" data-lang=\"es\"><p lang=\"es\" dir=\"ltr\">En la sesi\u00f3n ordinaria del <a href=\"https:\/\/twitter.com\/CongresoOaxaca_?ref_src=twsrc%5Etfw\">@CongresoOaxaca_<\/a>, la diputada por Morena, <a href=\"https:\/\/twitter.com\/ConyRuedaG?ref_src=twsrc%5Etfw\">@ConyRuedaG<\/a>, se pronunci\u00f3 en contra de la violencia pol\u00edtica y de g\u00e9nero, en particular hacia la senadora <a href=\"https:\/\/twitter.com\/SusanaHarp?ref_src=twsrc%5Etfw\">@SusanaHarp<\/a>. Pidi\u00f3 a los dem\u00e1s contendientes conducirse con respeto. <a href=\"https:\/\/t.co\/MAD1KKcCeO\">pic.twitter.com\/MAD1KKcCeO<\/a><\/p>&mdash; Zona Roja Oaxaca (@Zona_Roja_Oax) <a href=\"https:\/\/twitter.com\/Zona_Roja_Oax\/status\/1465809606567936002?ref_src=twsrc%5Etfw\">30 de noviembre de 2021<\/a><\/blockquote><\/div>\n<\/div><\/figure>\n\n\n\n<p>Pero, adem\u00e1s, esta violencia tambi\u00e9n representa \u201cuna forma de castigo o censura por atrevernos (las mujeres) a participar en la vida p\u00fablica, y m\u00e1s a\u00fan, como el caso de la Susana Harp, que encabeza las preferencias electorales\u201d, destac\u00f3.<\/p>\n\n\n\n<p>Puntualiz\u00f3 que desde hace varias semanas, Harp Iturribarr\u00eda ha sido blanco de ataques en redes sociales y le han \u201chackeado\u201d su cuenta de Whatsapp, pero la violencia se intensific\u00f3 este fin de semana durante su visita al municipio de Mat\u00edas Romero, donde un grupo de personas realiz\u00f3 disparos con armas R-15 en inmediaciones de donde se reunir\u00eda con m\u00e1s ciudadanos.<\/p>\n\n\n\n<p>ALTO \u00cdNDICE DE VIOLENCIA<\/p>\n\n\n\n<p>En Oaxaca la violencia pol\u00edtica por raz\u00f3n de g\u00e9nero no cesa, as\u00ed lo constan los diferentes organismos que registran denuncias por este delito.<\/p>\n\n\n\n<p>La diputada indic\u00f3 para septiembre de 2021 la Defensor\u00eda de los Derechos Humanos del Pueblo de Oaxaca hab\u00eda integrado 42 expedientes y cuadernos de antecedentes por violencia pol\u00edtica, mientras que el Tribunal Estatal Electoral de Oaxaca, de enero al 12 de agosto, acumul\u00f3 65 juicios relativos a violencia pol\u00edtica, de los que el 93 por ciento de los casos las mujeres fueron las v\u00edctimas.<\/p>\n","protected":false},"excerpt":{"rendered":"<p>Yuridiana Sosa\/Zona Roja. Oaxaca de Ju\u00e1rez, Oax., 1 de diciembre de 2021.- La diputada local&hellip;<\/p>\n","protected":false},"author":2,"featured_media":34905,"comment_status":"closed","ping_status":"open","sticky":false,"template":"","format":"standard","meta":{"_lmt_disableupdate":"","_lmt_disable":"","_jetpack_memberships_contains_paid_content":false,"footnotes":""},"categories":[109,47],"tags":[254],"class_list":["post-34904","post","type-post","status-publish","format-standard","has-post-thumbnail","hentry","category-minuto-a-minuto","category-zona-gris","tag-concepcion-rueda-gomez"],"jetpack_featured_media_url":"https:\/\/zonaroja.com.mx\/wp-content\/uploads\/2021\/12\/Concepcion-Rueda.jpg","jetpack_sharing_enabled":true,"_links":{"self":[{"href":"https:\/\/zonaroja.com.mx\/index.php?rest_route=\/wp\/v2\/posts\/34904","targetHints":{"allow":["GET"]}}],"collection":[{"href":"https:\/\/zonaroja.com.mx\/index.php?rest_route=\/wp\/v2\/posts"}],"about":[{"href":"https:\/\/zonaroja.com.mx\/index.php?rest_route=\/wp\/v2\/types\/post"}],"author":[{"embeddable":true,"href":"https:\/\/zonaroja.com.mx\/index.php?rest_route=\/wp\/v2\/users\/2"}],"replies":[{"embeddable":true,"href":"https:\/\/zonaroja.com.mx\/index.php?rest_route=%2Fwp%2Fv2%2Fcomments&post=34904"}],"version-history":[{"count":1,"href":"https:\/\/zonaroja.com.mx\/index.php?rest_route=\/wp\/v2\/posts\/34904\/revisions"}],"predecessor-version":[{"id":34906,"href":"https:\/\/zonaroja.com.mx\/index.php?rest_route=\/wp\/v2\/posts\/34904\/revisions\/34906"}],"wp:featuredmedia":[{"embeddable":true,"href":"https:\/\/zonaroja.com.mx\/index.php?rest_route=\/wp\/v2\/media\/34905"}],"wp:attachment":[{"href":"https:\/\/zonaroja.com.mx\/index.php?rest_route=%2Fwp%2Fv2%2Fmedia&parent=34904"}],"wp:term":[{"taxonomy":"category","embeddable":true,"href":"https:\/\/zonaroja.com.mx\/index.php?rest_route=%2Fwp%2Fv2%2Fcategories&post=34904"},{"taxonomy":"post_tag","embeddable":true,"href":"https:\/\/zonaroja.com.mx\/index.php?rest_route=%2Fwp%2Fv2%2Ftags&post=34904"}],"curies":[{"name":"wp","href":"https:\/\/api.w.org\/{rel}","templated":true}]}}