{"id":34907,"date":"2021-12-01T21:41:09","date_gmt":"2021-12-02T03:41:09","guid":{"rendered":"http:\/\/www.zonaroja.com.mx\/?p=34907"},"modified":"2021-12-01T21:41:13","modified_gmt":"2021-12-02T03:41:13","slug":"acusan-a-marque-heine-de-ser-dr-muerte-por-continuos-decesos","status":"publish","type":"post","link":"https:\/\/zonaroja.com.mx\/?p=34907","title":{"rendered":"Acusan a M\u00e1rque Heine de ser \u201cDr. Muerte\u201d, por continuos decesos"},"content":{"rendered":"\n<p>Yuridiana Sosa\/Zona Roja.<\/p>\n\n\n\n<p>Oaxaca de Ju\u00e1rez, Oax., 1 de diciembre de 2021.- Desde hace tres meses, el Sindicato Federal Democr\u00e1tico de Salud (SIFEDS) comenz\u00f3 una protesta que se ha vuelto indefinida, para exigir la recontrataci\u00f3n de personal, cese al hostigamiento laboral, reconocimiento a su gremio, adem\u00e1s de denunciar las carencias en centros de salud y hospitales.<\/p>\n\n\n\n<p>Durante ese mismo tiempo, el secretario de Salud de Oaxaca, Juan Carlos M\u00e1rquez Heine, les ha negado una mesa de di\u00e1logo, denunciaron los trabajadores, que este mi\u00e9rcoles nuevamente se manifestaron frente a oficinas alternas de los Servicios de Salud, en la colonia Reforma de la capital.<\/p>\n\n\n\n<p>El secretario de Asuntos Jur\u00eddicos del sindicato, Fernando Rodr\u00edguez Cort\u00e9s, critic\u00f3 que el Gobierno del Estado no s\u00f3lo es omiso en ofrecer condiciones laborales para su personal, sino lo hace con garantizar el derecho a la salud de la poblaci\u00f3n al mantener hospitales y centros de salud sin personal m\u00e9dico ni medicamentos o insumos.<\/p>\n\n\n\n<figure class=\"wp-block-embed is-type-rich is-provider-twitter wp-block-embed-twitter\"><div class=\"wp-block-embed__wrapper\">\n<div class=\"twitter-tweet\"><blockquote class=\"twitter-tweet\" data-lang=\"es\"><p lang=\"es\" dir=\"ltr\"><a href=\"https:\/\/twitter.com\/hashtag\/%C3%9AltimoMinuto?src=hash&amp;ref_src=twsrc%5Etfw\">#\u00daltimoMinuto<\/a> <br>No solamente es el abandono a los trabajadoras y los despidos, sino tambi\u00e9n m\u00faltiples negligencias en hospitales y cl\u00ednicas de los <a href=\"https:\/\/twitter.com\/SSO_GobOax?ref_src=twsrc%5Etfw\">@SSO_GobOax<\/a>, denunciaron integrantes del Sindicato Federal Democr\u00e1tico de Salud, este mi\u00e9rcoles. <a href=\"https:\/\/t.co\/8duXv9zgcI\">pic.twitter.com\/8duXv9zgcI<\/a><\/p>&mdash; Zona Roja Oaxaca (@Zona_Roja_Oax) <a href=\"https:\/\/twitter.com\/Zona_Roja_Oax\/status\/1466172893696442372?ref_src=twsrc%5Etfw\">1 de diciembre de 2021<\/a><\/blockquote><\/div>\n<\/div><\/figure>\n\n\n\n<p>\u201cDr. Muerte\u201d, le llamaron los manifestantes, pues la falta de m\u00e9dicos especialistas y enfermeros. tras el despido masivo que aplic\u00f3 Servicios de Salud de Oaxaca, as\u00ed como insumos que garanticen el servicio m\u00e9dico ha generado, muertes maternas y de reci\u00e9n nacidos, como fueron los recientes casos en Salina Cruz y en Cuicatl\u00e1n.<\/p>\n\n\n\n<p>Los sindicalizados demandaron al Congreso de Oaxaca que haga lo necesario para obligar a M\u00e1rquez Heine a que los reciba.<\/p>\n\n\n\n<p>El pasado mes de agosto, el SIFEDS comenz\u00f3 su lucha sindical ante el despido de cerca de 30 agremiados para los que exigen recontrataciones, pero tambi\u00e9n demandan recodificaciones, cambios de adscripci\u00f3n, vales de productividad, convivencia y regalos de navidad.<\/p>\n","protected":false},"excerpt":{"rendered":"<p>Yuridiana Sosa\/Zona Roja. Oaxaca de Ju\u00e1rez, Oax., 1 de diciembre de 2021.- Desde hace tres&hellip;<\/p>\n","protected":false},"author":2,"featured_media":34908,"comment_status":"closed","ping_status":"open","sticky":false,"template":"","format":"standard","meta":{"_lmt_disableupdate":"","_lmt_disable":"","_jetpack_memberships_contains_paid_content":false,"footnotes":""},"categories":[109,47],"tags":[1005],"class_list":["post-34907","post","type-post","status-publish","format-standard","has-post-thumbnail","hentry","category-minuto-a-minuto","category-zona-gris","tag-servicios-de-salud-de-oaxaca-sso"],"jetpack_featured_media_url":"https:\/\/zonaroja.com.mx\/wp-content\/uploads\/2021\/12\/Protestas-Salud-SIFEDS.jpg","jetpack_sharing_enabled":true,"_links":{"self":[{"href":"https:\/\/zonaroja.com.mx\/index.php?rest_route=\/wp\/v2\/posts\/34907","targetHints":{"allow":["GET"]}}],"collection":[{"href":"https:\/\/zonaroja.com.mx\/index.php?rest_route=\/wp\/v2\/posts"}],"about":[{"href":"https:\/\/zonaroja.com.mx\/index.php?rest_route=\/wp\/v2\/types\/post"}],"author":[{"embeddable":true,"href":"https:\/\/zonaroja.com.mx\/index.php?rest_route=\/wp\/v2\/users\/2"}],"replies":[{"embeddable":true,"href":"https:\/\/zonaroja.com.mx\/index.php?rest_route=%2Fwp%2Fv2%2Fcomments&post=34907"}],"version-history":[{"count":1,"href":"https:\/\/zonaroja.com.mx\/index.php?rest_route=\/wp\/v2\/posts\/34907\/revisions"}],"predecessor-version":[{"id":34909,"href":"https:\/\/zonaroja.com.mx\/index.php?rest_route=\/wp\/v2\/posts\/34907\/revisions\/34909"}],"wp:featuredmedia":[{"embeddable":true,"href":"https:\/\/zonaroja.com.mx\/index.php?rest_route=\/wp\/v2\/media\/34908"}],"wp:attachment":[{"href":"https:\/\/zonaroja.com.mx\/index.php?rest_route=%2Fwp%2Fv2%2Fmedia&parent=34907"}],"wp:term":[{"taxonomy":"category","embeddable":true,"href":"https:\/\/zonaroja.com.mx\/index.php?rest_route=%2Fwp%2Fv2%2Fcategories&post=34907"},{"taxonomy":"post_tag","embeddable":true,"href":"https:\/\/zonaroja.com.mx\/index.php?rest_route=%2Fwp%2Fv2%2Ftags&post=34907"}],"curies":[{"name":"wp","href":"https:\/\/api.w.org\/{rel}","templated":true}]}}