{"id":3491,"date":"2019-08-29T07:45:57","date_gmt":"2019-08-29T12:45:57","guid":{"rendered":"http:\/\/www.zonaroja.com.mx\/?p=3491"},"modified":"2019-08-29T07:46:00","modified_gmt":"2019-08-29T12:46:00","slug":"veracruz-entre-masacres-del-narco-incapacidad-y-pleitos-politicos","status":"publish","type":"post","link":"https:\/\/zonaroja.com.mx\/?p=3491","title":{"rendered":"Veracruz: entre masacres del narco, incapacidad y pleitos pol\u00edticos"},"content":{"rendered":"\n<p>Redacci\u00f3n\/Zona\nRoja Cdmx.<\/p>\n\n\n\n<p>Ciudad de\nM\u00e9xico, 29 de agosto de 2019.- Pese al gobierno de un militante del Partido\nMorena, el estado de Veracruz se sigue hundiendo entre masacres perpetradas por\nel crimen organizado, pleitos pol\u00edticos y confrontaciones entre instancias del\ngobierno.<\/p>\n\n\n\n<p>Ayer, las\nautoridades confirmaron que un total de 28 personas murieron por el ataque\nperpetrado la noche del martes en el bar \u201cCaballo Blanco\u201d de Coatzacoalcos; diez\nmujeres estaban entre las v\u00edctimas, la mayor\u00eda bailarinas del lugar.<\/p>\n\n\n\n<p>Asimismo, dos\nmarinos filipinos \u2014Natanhiel Alidan Apolot y Brayan Varron Graciano\u2014 miembros\nde la tripulaci\u00f3n de un buque petrolero atracado en el puerto.<\/p>\n\n\n\n<p>Una decena\nde personas permanec\u00edan hospitalizadas por las heridas recibidas.<\/p>\n\n\n\n<p>Carlos \u00c1ngel\nOrtiz, t\u00edo de X\u00f3chitl Nayeli Irineo G\u00f3mez, una joven de 24 a\u00f1os de edad que\nfalleci\u00f3 en el bar, dijo que su sobrina muri\u00f3 por asfixia. La Fiscal\u00eda General\nde la Rep\u00fablica atrajo el caso.<\/p>\n\n\n\n<p>LOS PLEITOS<\/p>\n\n\n\n<p>Unos 600\nelementos de la Guardia Nacional y de la Polic\u00eda estatal fueron desplegados\nayer en Coatzacoalcos.<\/p>\n\n\n\n<p>Por la\nma\u00f1ana, tanto el Presidente Andr\u00e9s Manuel L\u00f3pez Obrador, como el Gobernador de\nVeracruz y la Fiscal\u00eda, afirmaron que uno de los presuntos atacantes,\nidentificado como Ricardo Romero Villegas, \u00abLa Loca\u00bb, hab\u00eda sido\ndetenido y liberado dos veces en julio y agosto.<\/p>\n\n\n\n<p>Sin embargo,\npor la noche la FGR dijo que no ten\u00eda pruebas para incriminar a Romero.<\/p>\n\n\n\n<p>Tambi\u00e9n\ncircul\u00f3 un video en redes sociales en el que el propio Romero se deslinda del\natentado y afirma que sali\u00f3 de Coatzacoalcos por amenazas.<\/p>\n\n\n\n<p>En ese marco\ncontinuaron las acusaciones \u2013que proceden del sexenio anterior\u2014entre la\nFiscal\u00eda General del Estado y el gobierno de Veracruz, que se acusan mutuamente\nde protecci\u00f3n al narco.<\/p>\n\n\n\n<p>GRAVE\nSITUACI\u00d3N<\/p>\n\n\n\n<p>En tanto, de\nacuerdo con un reportaje del peri\u00f3dico \u201cReforma\u201d, los homicidios dolosos,\nsecuestros y feminicidios van en aumento en Veracruz.<\/p>\n\n\n\n<p>Los\nasesinatos subieron 55 por ciento durante agosto con respecto a diciembre\npasado, fecha en que inici\u00f3 la administraci\u00f3n del Gobernador Cuitl\u00e1huac Garc\u00eda.<\/p>\n\n\n\n<p>Los\nfeminicidios aumentaron 83 por ciento en los primeros siete meses de este a\u00f1o\nrespecto del mismo periodo de 2018, mientras que los secuestros subieron 124\npor ciento en el mismo periodo, seg\u00fan cifras oficiales.<\/p>\n\n\n\n<p>Tan s\u00f3lo\ndurante el mes que corre se reportaron 162 homicidios dolosos, seg\u00fan los datos\ndados a conocer a diario por el Grupo Interinstitucional de Seguridad del\nGobierno federal.<\/p>\n","protected":false},"excerpt":{"rendered":"<p>Redacci\u00f3n\/Zona Roja Cdmx. Ciudad de M\u00e9xico, 29 de agosto de 2019.- Pese al gobierno de&hellip;<\/p>\n","protected":false},"author":2,"featured_media":3492,"comment_status":"closed","ping_status":"open","sticky":false,"template":"","format":"standard","meta":{"_lmt_disableupdate":"","_lmt_disable":"","_jetpack_memberships_contains_paid_content":false,"footnotes":""},"categories":[109,51],"tags":[637,636],"class_list":["post-3491","post","type-post","status-publish","format-standard","has-post-thumbnail","hentry","category-minuto-a-minuto","category-zona-roja","tag-bar-caballo-blanco","tag-cotazacoalcos"],"jetpack_featured_media_url":"https:\/\/zonaroja.com.mx\/wp-content\/uploads\/2019\/08\/coat.jpg","jetpack_sharing_enabled":true,"_links":{"self":[{"href":"https:\/\/zonaroja.com.mx\/index.php?rest_route=\/wp\/v2\/posts\/3491","targetHints":{"allow":["GET"]}}],"collection":[{"href":"https:\/\/zonaroja.com.mx\/index.php?rest_route=\/wp\/v2\/posts"}],"about":[{"href":"https:\/\/zonaroja.com.mx\/index.php?rest_route=\/wp\/v2\/types\/post"}],"author":[{"embeddable":true,"href":"https:\/\/zonaroja.com.mx\/index.php?rest_route=\/wp\/v2\/users\/2"}],"replies":[{"embeddable":true,"href":"https:\/\/zonaroja.com.mx\/index.php?rest_route=%2Fwp%2Fv2%2Fcomments&post=3491"}],"version-history":[{"count":1,"href":"https:\/\/zonaroja.com.mx\/index.php?rest_route=\/wp\/v2\/posts\/3491\/revisions"}],"predecessor-version":[{"id":3493,"href":"https:\/\/zonaroja.com.mx\/index.php?rest_route=\/wp\/v2\/posts\/3491\/revisions\/3493"}],"wp:featuredmedia":[{"embeddable":true,"href":"https:\/\/zonaroja.com.mx\/index.php?rest_route=\/wp\/v2\/media\/3492"}],"wp:attachment":[{"href":"https:\/\/zonaroja.com.mx\/index.php?rest_route=%2Fwp%2Fv2%2Fmedia&parent=3491"}],"wp:term":[{"taxonomy":"category","embeddable":true,"href":"https:\/\/zonaroja.com.mx\/index.php?rest_route=%2Fwp%2Fv2%2Fcategories&post=3491"},{"taxonomy":"post_tag","embeddable":true,"href":"https:\/\/zonaroja.com.mx\/index.php?rest_route=%2Fwp%2Fv2%2Ftags&post=3491"}],"curies":[{"name":"wp","href":"https:\/\/api.w.org\/{rel}","templated":true}]}}