{"id":34918,"date":"2021-12-02T07:40:54","date_gmt":"2021-12-02T13:40:54","guid":{"rendered":"http:\/\/www.zonaroja.com.mx\/?p=34918"},"modified":"2021-12-02T07:40:58","modified_gmt":"2021-12-02T13:40:58","slug":"en-dia-de-amlo-criminales-detonan-carrobombas-y-dan-portazo-a-penal","status":"publish","type":"post","link":"https:\/\/zonaroja.com.mx\/?p=34918","title":{"rendered":"En d\u00eda de AMLO, criminales detonan carrobombas y dan \u201cportazo\u201d a penal"},"content":{"rendered":"\n<p>Redacci\u00f3n\/Zona Roja Cdmx.<\/p>\n\n\n\n<p>Ciudad de M\u00e9xico, 2 de diciembre de 2021.- El crimen organizado manch\u00f3 el d\u00eda del informe del Presidente Andr\u00e9s Manuel L\u00f3pez Obrador.<\/p>\n\n\n\n<p>Horas antes del festejo obradorista en la Ciudad de M\u00e9xico, en el vecino estado de Hidalgo, un grupo armado hizo explotar dos carrobomba, utiliz\u00f3 un veh\u00edculo con blindaje artesanal para derribar la puerta del penal de Tula y liber\u00f3 a nueve reos, uno de ellos cabecilla de un grupo criminal.<\/p>\n\n\n\n<p>Los hechos iniciaron la madrugada de ayer, en inmediaciones del reclusorio, uno cerca del hospital regional de Tula y otro frente al hotel Teocalli, en que hicieron detonar con bombas dos veh\u00edculos de motor, para distraer a los polic\u00edas y al personal de custodio.<\/p>\n\n\n\n<p>Posteriormente, alrededor de las 05:00 horas, con un cami\u00f3n repartidor de cilindros de gas, cubierto de varias placas de acero, adem\u00e1s de otros veh\u00edculos, derrib\u00f3 la puerta del Centro de Readaptaci\u00f3n Social (Cereso).<\/p>\n\n\n\n<p>Luego, con la probable participaci\u00f3n de personal penitenciario, ingres\u00f3 el grupo armado y rescat\u00f3 a Jos\u00e9 Artemio Maldonado Mej\u00eda, alias \u201cEl Michoacano\u201d, presunto l\u00edder del grupo delictivo \u201cPueblos Unidos\u201d, as\u00ed como a otros ocho reos.<\/p>\n\n\n\n<p>Los delincuentes accionaron armas de fuego e hicieron a dos polic\u00edas, a quienes reportan estables de salud, tras lo cual huyeron.<\/p>\n\n\n\n<p>Adem\u00e1s de \u201cEl Michoacano\u201d, detenido apenas el pasado 26 de noviembre en Texcoco, lograron llevarse a Mariano Maldonado Mej\u00eda, Jovani S\u00e1nchez Mart\u00ednez, Rom\u00e1n Farf\u00e1n S\u00e1nchez, Juan Valent\u00edn Rangel Albor, Abel Mill\u00e1n Gaspar, Fernando Cer\u00f3n Bones, Yair Alejandro Hern\u00e1ndez Mart\u00ednez y Jaime Eusebio Medina.<\/p>\n\n\n\n<p>Por la noche, la polic\u00eda municipal difundi\u00f3 que Rom\u00e1n Farf\u00e1n, de 35 a\u00f1os, fue recapturado en la comunidad de Nantzha; puntualiz\u00f3 que hab\u00eda otras dos personas detenidas y se estaba verificando su identidad.<\/p>\n\n\n\n<p>De acuerdo con autoridades de seguridad de Hidalgo, los internos que se fugaron eran procesados por delitos del fuero com\u00fan, algunos por homicidio y otros por secuestro, perpetrados en el distrito judicial de Tula.<\/p>\n\n\n\n<p>Integrantes de las polic\u00edas municipal y estatal, del Ej\u00e9rcito y la Guardia Nacional emprendieron la b\u00fasqueda de los evadidos en Tula y municipios aleda\u00f1os.<\/p>\n\n\n\n<p>(Informaci\u00f3n de agencias)<\/p>\n","protected":false},"excerpt":{"rendered":"<p>Redacci\u00f3n\/Zona Roja Cdmx. Ciudad de M\u00e9xico, 2 de diciembre de 2021.- El crimen organizado manch\u00f3&hellip;<\/p>\n","protected":false},"author":2,"featured_media":34919,"comment_status":"closed","ping_status":"open","sticky":false,"template":"","format":"standard","meta":{"_lmt_disableupdate":"","_lmt_disable":"","_jetpack_memberships_contains_paid_content":false,"footnotes":""},"categories":[109,47],"tags":[],"class_list":["post-34918","post","type-post","status-publish","format-standard","has-post-thumbnail","hentry","category-minuto-a-minuto","category-zona-gris"],"jetpack_featured_media_url":"https:\/\/zonaroja.com.mx\/wp-content\/uploads\/2021\/12\/Fuga-penal-Tula-Hidalgo.jpg","jetpack_sharing_enabled":true,"_links":{"self":[{"href":"https:\/\/zonaroja.com.mx\/index.php?rest_route=\/wp\/v2\/posts\/34918","targetHints":{"allow":["GET"]}}],"collection":[{"href":"https:\/\/zonaroja.com.mx\/index.php?rest_route=\/wp\/v2\/posts"}],"about":[{"href":"https:\/\/zonaroja.com.mx\/index.php?rest_route=\/wp\/v2\/types\/post"}],"author":[{"embeddable":true,"href":"https:\/\/zonaroja.com.mx\/index.php?rest_route=\/wp\/v2\/users\/2"}],"replies":[{"embeddable":true,"href":"https:\/\/zonaroja.com.mx\/index.php?rest_route=%2Fwp%2Fv2%2Fcomments&post=34918"}],"version-history":[{"count":1,"href":"https:\/\/zonaroja.com.mx\/index.php?rest_route=\/wp\/v2\/posts\/34918\/revisions"}],"predecessor-version":[{"id":34920,"href":"https:\/\/zonaroja.com.mx\/index.php?rest_route=\/wp\/v2\/posts\/34918\/revisions\/34920"}],"wp:featuredmedia":[{"embeddable":true,"href":"https:\/\/zonaroja.com.mx\/index.php?rest_route=\/wp\/v2\/media\/34919"}],"wp:attachment":[{"href":"https:\/\/zonaroja.com.mx\/index.php?rest_route=%2Fwp%2Fv2%2Fmedia&parent=34918"}],"wp:term":[{"taxonomy":"category","embeddable":true,"href":"https:\/\/zonaroja.com.mx\/index.php?rest_route=%2Fwp%2Fv2%2Fcategories&post=34918"},{"taxonomy":"post_tag","embeddable":true,"href":"https:\/\/zonaroja.com.mx\/index.php?rest_route=%2Fwp%2Fv2%2Ftags&post=34918"}],"curies":[{"name":"wp","href":"https:\/\/api.w.org\/{rel}","templated":true}]}}