{"id":34921,"date":"2021-12-02T08:21:02","date_gmt":"2021-12-02T14:21:02","guid":{"rendered":"http:\/\/www.zonaroja.com.mx\/?p=34921"},"modified":"2021-12-02T08:21:06","modified_gmt":"2021-12-02T14:21:06","slug":"a-iniciativa-de-susana-harp-aprueba-senado-ley-de-proteccion-a-patrimonio-de-comunidades-indigenas","status":"publish","type":"post","link":"https:\/\/zonaroja.com.mx\/?p=34921","title":{"rendered":"A iniciativa de Susana Harp, aprueba Senado Ley de Protecci\u00f3n a Patrimonio de Comunidades Ind\u00edgenas"},"content":{"rendered":"\n<p>Redacci\u00f3n\/Zona Roja.<\/p>\n\n\n\n<p>Oaxaca de Ju\u00e1re, Oax., 2 de diciembre de 2021.- El Senado de la Rep\u00fablica aprob\u00f3, en definitiva, este martes 30 de noviembre, la nueva Ley Federal de Protecci\u00f3n del Patrimonio Cultural de los Pueblos y Comunidades Ind\u00edgenas a fin de entregarles un instrumento normativo que contribuya a la protecci\u00f3n de su cultura, afirm\u00f3 Susana Harp Iturribarr\u00eda.<\/p>\n\n\n\n<p>La legisladora oaxaque\u00f1a manifest\u00f3 en tribuna, que se entrega una ley que establece diferentes mecanismos para proteger de la copia y el usufructo il\u00edcito de las expresiones culturales de los pueblos y comunidades ind\u00edgenas y afromexicanas.<\/p>\n\n\n\n<p>Presentada a consideraci\u00f3n del Senado, un tema aprobado el 3 de diciembre de 2019 a instancias de la Comisi\u00f3n de Cultura y Estudios Legislativos, la nueva legislaci\u00f3n fue sometida a algunos cambios por la C\u00e1mara de Diputados y aprobada ahora por sus pares de la C\u00e1mara Alta en votaci\u00f3n mayoritaria.<\/p>\n\n\n\n<p>Sin embargo, la propuesta normativa es la misma aprobada de origen en el Senado de la Rep\u00fablica, lo cual habla del compromiso con pueblos y comunidades que han sido objeto de toda suerte de plagios, as\u00ed como el uso sin consentimiento de bienes culturales y la apropiaci\u00f3n cultural, \u201cpr\u00e1cticas a las que se debe poner fin\u201d, a\u00f1adi\u00f3 Harp Iturribarr\u00eda.<\/p>\n\n\n\n<p>\u201cCon esto culminamos un trabajo colectivo con diferentes instancias, entre ellas, la Secretar\u00eda de Cultura, el Instituto Nacional de los Pueblos Ind\u00edgenas, El Instituto Nacional del Derecho de Autor y la Comisi\u00f3n Nacional de Derechos Humanos, adem\u00e1s de diversos especialistas e interesados en la protecci\u00f3n de los motivos y dise\u00f1os ind\u00edgenas y afromexicanos\u201d, expres\u00f3 la representante popular.<\/p>\n\n\n\n<p>El plagio y la apropiaci\u00f3n cultural, es un tema que se ha denunciado en diversos foros y, como tal, se ha pugnado porque el uso del patrimonio cultural ind\u00edgena y afromexicanos se realice con el previo consentimiento y acuerdo con las comunidades, para que, en caso de aceptarse la colaboraci\u00f3n, exista una retribuci\u00f3n justa para los depositarios y transmisores de la gran tradici\u00f3n cultural de nuestro pa\u00eds.<\/p>\n\n\n\n<figure class=\"wp-block-embed is-type-rich is-provider-twitter wp-block-embed-twitter\"><div class=\"wp-block-embed__wrapper\">\n<div class=\"twitter-tweet\"><blockquote class=\"twitter-tweet\" data-lang=\"es\"><p lang=\"es\" dir=\"ltr\">Despu\u00e9s de tres a\u00f1os de trabajo y b\u00fasqueda de consensos, ayer se aprob\u00f3 por unanimidad en el <a href=\"https:\/\/twitter.com\/senadomexicano?ref_src=twsrc%5Etfw\">@senadomexicano<\/a> una ley nueva sobre derecho colectivo para la protecci\u00f3n del patrimonio cultural de nuestras culturas. \u00a1Lo logramos!<a href=\"https:\/\/twitter.com\/alefrausto?ref_src=twsrc%5Etfw\">@alefrausto<\/a> <a href=\"https:\/\/twitter.com\/EreCruzvillegas?ref_src=twsrc%5Etfw\">@EreCruzvillegas<\/a> <a href=\"https:\/\/twitter.com\/RicardoMonrealA?ref_src=twsrc%5Etfw\">@RicardoMonrealA<\/a><a href=\"https:\/\/twitter.com\/INPImx?ref_src=twsrc%5Etfw\">@INPImx<\/a> <a href=\"https:\/\/t.co\/DVzgdhxMIa\">pic.twitter.com\/DVzgdhxMIa<\/a><\/p>&mdash; Susana Harp Iturribarr\u00eda (@SusanaHarp) <a href=\"https:\/\/twitter.com\/SusanaHarp\/status\/1466095953560154119?ref_src=twsrc%5Etfw\">1 de diciembre de 2021<\/a><\/blockquote><\/div>\n<\/div><\/figure>\n\n\n\n<p>Con esta nueva ley se deja claro qui\u00e9nes son los propietarios de las expresiones culturales y los mecanismos, a partir de los cuales, terceros ajenos a las comunidades, pueden participar de su comercializaci\u00f3n, bajo el principio general b\u00e1sico que es la libre determinaci\u00f3n y autonom\u00eda de los pueblos y comunidades.<\/p>\n\n\n\n<p>Esto es, ellos deciden esencialmente las formas de explotaci\u00f3n de sus expresiones culturales y qu\u00e9 manifestaciones son susceptibles de ello.<\/p>\n\n\n\n<p>Y tambi\u00e9n, la ley deposita en ellos, la decisi\u00f3n de limitar el aprovechamiento de aquellas manifestaciones de su cultura que se consideran sensibles, como son, ciertas tradiciones asociadas a ceremonias espirituales y religiosas, objetos de culto, sistemas simb\u00f3licos o tratamientos de medicina tradicional.<\/p>\n\n\n\n<p>Como todo instrumento que pretende eficacia, se establecen dos procedimientos para que los pueblos y comunidades inicien una querella por el uso indebido de su cultura: la queja y la denuncia. Ambos se pueden desarrollar simult\u00e1neamente, pero, en cualquier caso, se puede operar la conciliaci\u00f3n entre el presunto infractor y las comunidades.<\/p>\n\n\n\n<p>Como toda manifestaci\u00f3n del derecho colectivo, las comunidades y pueblos ind\u00edgenas y afromexicanas deber\u00e1n organizarse para ejercer a plenitud las prerrogativas que les ofrece la nueva legislaci\u00f3n, con base en sus sistemas normativos y sus autoridades tradicionales o como ellos determinen, recomend\u00f3 Susana Harp, quien se ha distinguido por mantener una persistente lucha a favor de la defensa de estas expresiones culturales.<\/p>\n\n\n\n<p>La legisladora reconoci\u00f3 la aportaci\u00f3n de diputadas y diputados para modificar la naturaleza de la ley; de una general a una de orden Federal; cambiar su denominaci\u00f3n a protecci\u00f3n del patrimonio cultural de los pueblos y comunidades adem\u00e1s de introducir algunas ideas para la integraci\u00f3n del registro p\u00fablico de bienes del patrimonio cultural ind\u00edgena y afromexicano.<\/p>\n\n\n\n<p>La nueva Ley Federal crea un sistema robustecido de protecci\u00f3n y salvaguardia del patrimonio vivo de nuestros pueblos, con una ley espec\u00edfica en la materia que se basa en la libre determinaci\u00f3n y autonom\u00eda de los pueblos y comunidades, con las salvedades que permitan la armonizaci\u00f3n con los dispositivos de la Ley Federal del Derecho de Autor y de la Ley de Protecci\u00f3n de la Propiedad Industrial.<\/p>\n","protected":false},"excerpt":{"rendered":"<p>Redacci\u00f3n\/Zona Roja. Oaxaca de Ju\u00e1re, Oax., 2 de diciembre de 2021.- El Senado de la&hellip;<\/p>\n","protected":false},"author":2,"featured_media":34922,"comment_status":"closed","ping_status":"open","sticky":false,"template":"","format":"standard","meta":{"_lmt_disableupdate":"","_lmt_disable":"","_jetpack_memberships_contains_paid_content":false,"footnotes":""},"categories":[109,47],"tags":[1685],"class_list":["post-34921","post","type-post","status-publish","format-standard","has-post-thumbnail","hentry","category-minuto-a-minuto","category-zona-gris","tag-susana-harp-iturribarria"],"jetpack_featured_media_url":"https:\/\/zonaroja.com.mx\/wp-content\/uploads\/2021\/12\/Susana-Harp.jpg","jetpack_sharing_enabled":true,"_links":{"self":[{"href":"https:\/\/zonaroja.com.mx\/index.php?rest_route=\/wp\/v2\/posts\/34921","targetHints":{"allow":["GET"]}}],"collection":[{"href":"https:\/\/zonaroja.com.mx\/index.php?rest_route=\/wp\/v2\/posts"}],"about":[{"href":"https:\/\/zonaroja.com.mx\/index.php?rest_route=\/wp\/v2\/types\/post"}],"author":[{"embeddable":true,"href":"https:\/\/zonaroja.com.mx\/index.php?rest_route=\/wp\/v2\/users\/2"}],"replies":[{"embeddable":true,"href":"https:\/\/zonaroja.com.mx\/index.php?rest_route=%2Fwp%2Fv2%2Fcomments&post=34921"}],"version-history":[{"count":1,"href":"https:\/\/zonaroja.com.mx\/index.php?rest_route=\/wp\/v2\/posts\/34921\/revisions"}],"predecessor-version":[{"id":34923,"href":"https:\/\/zonaroja.com.mx\/index.php?rest_route=\/wp\/v2\/posts\/34921\/revisions\/34923"}],"wp:featuredmedia":[{"embeddable":true,"href":"https:\/\/zonaroja.com.mx\/index.php?rest_route=\/wp\/v2\/media\/34922"}],"wp:attachment":[{"href":"https:\/\/zonaroja.com.mx\/index.php?rest_route=%2Fwp%2Fv2%2Fmedia&parent=34921"}],"wp:term":[{"taxonomy":"category","embeddable":true,"href":"https:\/\/zonaroja.com.mx\/index.php?rest_route=%2Fwp%2Fv2%2Fcategories&post=34921"},{"taxonomy":"post_tag","embeddable":true,"href":"https:\/\/zonaroja.com.mx\/index.php?rest_route=%2Fwp%2Fv2%2Ftags&post=34921"}],"curies":[{"name":"wp","href":"https:\/\/api.w.org\/{rel}","templated":true}]}}