{"id":34927,"date":"2021-12-02T08:35:55","date_gmt":"2021-12-02T14:35:55","guid":{"rendered":"http:\/\/www.zonaroja.com.mx\/?p=34927"},"modified":"2021-12-02T08:35:58","modified_gmt":"2021-12-02T14:35:58","slug":"pide-poder-judicial-al-congreso-de-oaxaca-un-presupuesto-adecuado","status":"publish","type":"post","link":"https:\/\/zonaroja.com.mx\/?p=34927","title":{"rendered":"Pide Poder Judicial al Congreso de Oaxaca un presupuesto adecuado"},"content":{"rendered":"\n<p>Redacci\u00f3n\/Zona Roja.<\/p>\n\n\n\n<p>Oaxaca de Ju\u00e1rez, Oax., 2 de diciembre de 2021.- Al realizar la entrega formal a la Sexag\u00e9sima Quinta Legislatura del Congreso local, del Anteproyecto de Presupuesto de Egresos para el Ejercicio Fiscal 2022 del Poder Judicial del Estado, el magistrado presidente Eduardo Pinacho S\u00e1nchez afirm\u00f3 que para disponer de un sistema de justicia local eficiente, responsable y honesto, es necesario contar con los recursos presupuestales que le permitan cubrir las necesidades b\u00e1sicas.<\/p>\n\n\n\n<p>Ante las presidentas de la Junta de Coordinaci\u00f3n Pol\u00edtica (Jucopo), diputada Laura Estrada Mauro y de la Mesa Directiva, diputada Mariana Ben\u00edtez Tiburcio, legisladoras y legisladores de diferentes comisiones, puntualiz\u00f3 que la propuesta presentada est\u00e1 basada en una perspectiva de dise\u00f1o de gasto p\u00fablico fundada en los derechos humanos y en una aplicaci\u00f3n transparente de los recursos.<\/p>\n\n\n\n<p>El titular del Poder Judicial del Estado, apunt\u00f3 que el a\u00f1o 2022 presentar\u00e1 retos ineludibles que la instituci\u00f3n debe cumplir, como son los gastos de operaci\u00f3n de cinco Centros de Justicia, pago de servicios derivado de la creaci\u00f3n de nuevos \u00f3rganos jurisdiccionales, entre estos los juzgados laborales y el mejoramiento de la infraestructura f\u00edsica y tecnol\u00f3gica.<\/p>\n\n\n\n<figure class=\"wp-block-embed is-type-rich is-provider-twitter wp-block-embed-twitter\"><div class=\"wp-block-embed__wrapper\">\n<div class=\"twitter-tweet\"><blockquote class=\"twitter-tweet\" data-lang=\"es\"><p lang=\"es\" dir=\"ltr\">El Pdte. del TSJO, en presencia de la Pdta. de la <a href=\"https:\/\/twitter.com\/hashtag\/JUCOPO?src=hash&amp;ref_src=twsrc%5Etfw\">#JUCOPO<\/a> del <a href=\"https:\/\/twitter.com\/CongresoOaxaca_?ref_src=twsrc%5Etfw\">@CongresoOaxaca_<\/a>, <a href=\"https:\/\/twitter.com\/LauraEstradaMau?ref_src=twsrc%5Etfw\">@LauraEstradaMau<\/a> y la Pdta. de la Mesa Directiva de la LXV Legislatura, <a href=\"https:\/\/twitter.com\/marianabenitezt?ref_src=twsrc%5Etfw\">@marianabenitezt<\/a>, entreg\u00f3 el Anteproyecto de Presupuesto de Egresos para el Ejercicio Fiscal 2022 del PJEO. <a href=\"https:\/\/t.co\/B5uGf1qp4a\">pic.twitter.com\/B5uGf1qp4a<\/a><\/p>&mdash; @TSJOaxaca (@tsjoaxaca) <a href=\"https:\/\/twitter.com\/tsjoaxaca\/status\/1465761901049167878?ref_src=twsrc%5Etfw\">30 de noviembre de 2021<\/a><\/blockquote><\/div>\n<\/div><\/figure>\n\n\n\n<p>Acompa\u00f1ado del magistrado del Tribunal Superior de Justicia, Gerardo Carmona Castillo y del consejero de la Judicatura, Amado G\u00f3mez G\u00f3mez, resalt\u00f3 expres\u00f3 su confianza porque de manera sensible las y los diputados atiendan los requerimientos insoslayables que en este momento tiene el Poder Judicial del Estado, en beneficio principalmente de las y los justiciables.<\/p>\n\n\n\n<p>En su oportunidad, las y los legisladores presentes se comprometieron a realizar de forma responsable la revisi\u00f3n del anteproyecto ante las necesidades actuales que existen en el Tribunal Superior de Justicia y el Consejo de la Judicatura.<\/p>\n\n\n\n<p>Con la entrega del Anteproyecto de Presupuesto de Egresos para el Ejercicio Fiscal 2022, el Poder Judicial del Estado da cumplimiento a lo establecido en el art\u00edculo 99 de la Constituci\u00f3n Pol\u00edtica del Estado Libre y Soberano de Oaxaca.<\/p>\n","protected":false},"excerpt":{"rendered":"<p>Redacci\u00f3n\/Zona Roja. Oaxaca de Ju\u00e1rez, Oax., 2 de diciembre de 2021.- Al realizar la entrega&hellip;<\/p>\n","protected":false},"author":2,"featured_media":34928,"comment_status":"closed","ping_status":"open","sticky":false,"template":"","format":"standard","meta":{"_lmt_disableupdate":"","_lmt_disable":"","_jetpack_memberships_contains_paid_content":false,"footnotes":""},"categories":[109,46],"tags":[223],"class_list":["post-34927","post","type-post","status-publish","format-standard","has-post-thumbnail","hentry","category-minuto-a-minuto","category-zona-blanca","tag-poder-judicial-de-oaxaca"],"jetpack_featured_media_url":"https:\/\/zonaroja.com.mx\/wp-content\/uploads\/2021\/12\/Poder-Judicial-presento-anteproyecto-de-presupuesto-en-el-Congreso-local.jpg","jetpack_sharing_enabled":true,"_links":{"self":[{"href":"https:\/\/zonaroja.com.mx\/index.php?rest_route=\/wp\/v2\/posts\/34927","targetHints":{"allow":["GET"]}}],"collection":[{"href":"https:\/\/zonaroja.com.mx\/index.php?rest_route=\/wp\/v2\/posts"}],"about":[{"href":"https:\/\/zonaroja.com.mx\/index.php?rest_route=\/wp\/v2\/types\/post"}],"author":[{"embeddable":true,"href":"https:\/\/zonaroja.com.mx\/index.php?rest_route=\/wp\/v2\/users\/2"}],"replies":[{"embeddable":true,"href":"https:\/\/zonaroja.com.mx\/index.php?rest_route=%2Fwp%2Fv2%2Fcomments&post=34927"}],"version-history":[{"count":1,"href":"https:\/\/zonaroja.com.mx\/index.php?rest_route=\/wp\/v2\/posts\/34927\/revisions"}],"predecessor-version":[{"id":34929,"href":"https:\/\/zonaroja.com.mx\/index.php?rest_route=\/wp\/v2\/posts\/34927\/revisions\/34929"}],"wp:featuredmedia":[{"embeddable":true,"href":"https:\/\/zonaroja.com.mx\/index.php?rest_route=\/wp\/v2\/media\/34928"}],"wp:attachment":[{"href":"https:\/\/zonaroja.com.mx\/index.php?rest_route=%2Fwp%2Fv2%2Fmedia&parent=34927"}],"wp:term":[{"taxonomy":"category","embeddable":true,"href":"https:\/\/zonaroja.com.mx\/index.php?rest_route=%2Fwp%2Fv2%2Fcategories&post=34927"},{"taxonomy":"post_tag","embeddable":true,"href":"https:\/\/zonaroja.com.mx\/index.php?rest_route=%2Fwp%2Fv2%2Ftags&post=34927"}],"curies":[{"name":"wp","href":"https:\/\/api.w.org\/{rel}","templated":true}]}}