{"id":34930,"date":"2021-12-02T08:45:38","date_gmt":"2021-12-02T14:45:38","guid":{"rendered":"http:\/\/www.zonaroja.com.mx\/?p=34930"},"modified":"2021-12-02T08:45:42","modified_gmt":"2021-12-02T14:45:42","slug":"respaldan-a-rector-contra-actos-violentos-en-uabjo-hay-funcionarios-inmiscuidos","status":"publish","type":"post","link":"https:\/\/zonaroja.com.mx\/?p=34930","title":{"rendered":"Respaldan a rector contra actos violentos en UABJO; hay funcionarios inmiscuidos"},"content":{"rendered":"\n<p>Redacci\u00f3n\/Zona Roja.<\/p>\n\n\n\n<p>Oaxaca de Ju\u00e1rez, Oax., 2 de diciembre de 2021.- En respaldo al rector Eduardo Bautista Mart\u00ednez, directores de escuelas, facultades e institutos, demandaron al grupo de inconformes del STAUO evitar m\u00e1s actos violentos y agravios en contra de la Universidad Aut\u00f3noma \u201cBenito Ju\u00e1rez\u201d de Oaxaca.<\/p>\n\n\n\n<p>\u201cTotal rechazo a la toma de las instalaciones universitarias. Si alguna organizaci\u00f3n sindical tiene diferendos con la autoridad de la UABJO, existen los \u00f3rganos de gobierno competentes para dirimir las controversias.<\/p>\n\n\n\n<p>\u201cLa UABJO y su comunidad no pueden ser rehenes de grupos de poder extra universitarios o de intereses econ\u00f3micos personales\u201d, refieren en un desplegado dado a conocer este jueves, a en el cuarto d\u00eda de actos violentos de un reducido grupo de docentes y presuntos \u201cporros\u201d.<\/p>\n\n\n\n<p>\u201cDel material fotogr\u00e1fico y en video que se ha publicado en los d\u00edas recientes, se puede observar la participaci\u00f3n activa de funcionarios del gobierno, de la Fiscal\u00eda y de la propia administraci\u00f3n universitaria.<\/p>\n\n\n\n<p>\u201cContra ellos exigimos su destituci\u00f3n inmediata, as\u00ed tambi\u00e9n que se inicie un procedimiento de responsabilidad administrativa y se d\u00e9 seguimiento puntual a las denuncias presentadas por el rector y el abogado general\u201d, refiere.<\/p>\n\n\n\n<p>Piden al Consejo Electoral de la UABJO que se reinicie el proceso electoral y dicten las medidas de sanidad necesarias, para que todos los integrantes de la comunidad universitaria puedan acudir el 13 de mayo del 2022 a ejercer la autonom\u00eda universitaria y elegir a las nuevas autoridades de la UABJO.<\/p>\n","protected":false},"excerpt":{"rendered":"<p>Redacci\u00f3n\/Zona Roja. Oaxaca de Ju\u00e1rez, Oax., 2 de diciembre de 2021.- En respaldo al rector&hellip;<\/p>\n","protected":false},"author":2,"featured_media":34931,"comment_status":"closed","ping_status":"open","sticky":false,"template":"","format":"standard","meta":{"_lmt_disableupdate":"","_lmt_disable":"","_jetpack_memberships_contains_paid_content":false,"footnotes":""},"categories":[109,46],"tags":[360],"class_list":["post-34930","post","type-post","status-publish","format-standard","has-post-thumbnail","hentry","category-minuto-a-minuto","category-zona-blanca","tag-rector-eduardo-bautista-martinez"],"jetpack_featured_media_url":"https:\/\/zonaroja.com.mx\/wp-content\/uploads\/2021\/12\/Desplegado-UABJO-rector.jpg","jetpack_sharing_enabled":true,"_links":{"self":[{"href":"https:\/\/zonaroja.com.mx\/index.php?rest_route=\/wp\/v2\/posts\/34930","targetHints":{"allow":["GET"]}}],"collection":[{"href":"https:\/\/zonaroja.com.mx\/index.php?rest_route=\/wp\/v2\/posts"}],"about":[{"href":"https:\/\/zonaroja.com.mx\/index.php?rest_route=\/wp\/v2\/types\/post"}],"author":[{"embeddable":true,"href":"https:\/\/zonaroja.com.mx\/index.php?rest_route=\/wp\/v2\/users\/2"}],"replies":[{"embeddable":true,"href":"https:\/\/zonaroja.com.mx\/index.php?rest_route=%2Fwp%2Fv2%2Fcomments&post=34930"}],"version-history":[{"count":1,"href":"https:\/\/zonaroja.com.mx\/index.php?rest_route=\/wp\/v2\/posts\/34930\/revisions"}],"predecessor-version":[{"id":34932,"href":"https:\/\/zonaroja.com.mx\/index.php?rest_route=\/wp\/v2\/posts\/34930\/revisions\/34932"}],"wp:featuredmedia":[{"embeddable":true,"href":"https:\/\/zonaroja.com.mx\/index.php?rest_route=\/wp\/v2\/media\/34931"}],"wp:attachment":[{"href":"https:\/\/zonaroja.com.mx\/index.php?rest_route=%2Fwp%2Fv2%2Fmedia&parent=34930"}],"wp:term":[{"taxonomy":"category","embeddable":true,"href":"https:\/\/zonaroja.com.mx\/index.php?rest_route=%2Fwp%2Fv2%2Fcategories&post=34930"},{"taxonomy":"post_tag","embeddable":true,"href":"https:\/\/zonaroja.com.mx\/index.php?rest_route=%2Fwp%2Fv2%2Ftags&post=34930"}],"curies":[{"name":"wp","href":"https:\/\/api.w.org\/{rel}","templated":true}]}}