{"id":34938,"date":"2021-12-02T15:58:17","date_gmt":"2021-12-02T21:58:17","guid":{"rendered":"http:\/\/www.zonaroja.com.mx\/?p=34938"},"modified":"2021-12-02T15:58:19","modified_gmt":"2021-12-02T21:58:19","slug":"fortalece-uabjo-vinculos-internacionales-ahora-con-universidad-de-nebraska","status":"publish","type":"post","link":"https:\/\/zonaroja.com.mx\/?p=34938","title":{"rendered":"Fortalece UABJO v\u00ednculos internacionales, ahora con Universidad de Nebraska"},"content":{"rendered":"\n<p>Redacci\u00f3n\/Zona Roja.<\/p>\n\n\n\n<p>Oaxaca de Ju\u00e1rez, Oax., 2 de diciembre de 2021.- La Universidad Aut\u00f3noma \u201cBenito Ju\u00e1rez\u201d de Oaxaca (UABJO), representada por el rector, Eduardo Bautista Mart\u00ednez, firm\u00f3 un acuerdo de colaboraci\u00f3n con autoridades acad\u00e9micas de la Universidad de Nebraska Kearney (UNK).<\/p>\n\n\n\n<p>Este pacto internacional, fortalecer\u00e1 el intercambio de la comunidad estudiantil y docente, la creaci\u00f3n de proyectos de investigaci\u00f3n conjunta, la difusi\u00f3n de materiales acad\u00e9micos, publicaciones y talleres, as\u00ed como la creaci\u00f3n de seminarios para ambas Instituciones de Educaci\u00f3n Superior (IES).<\/p>\n\n\n\n<p>\u201cEsta es una oportunidad extraordinaria para compartir experiencias en el trabajo de campo y aspiramos tambi\u00e9n a participar en el futuro con programas de becas para sumar a la promoci\u00f3n del intercambio universitario\u201d, expres\u00f3 el rector.<\/p>\n\n\n\n<p>Agreg\u00f3, que en la UABJO se comparten las pol\u00edticas de perspectiva de g\u00e9nero y los estudios inter\u00e9tnicos, por lo que resultar\u00e1 sumamente ben\u00e9fico para ambas partes, coordinar acciones que involucren estos temas.<\/p>\n\n\n\n<p>Por su parte, Juan Carlos Guzm\u00e1n, director de la Oficina de Diversidad e Inclusi\u00f3n de la Universidad estadounidense, destac\u00f3 que las y los estudiantes que realicen residencias, podr\u00e1n enfocarlas en mejorar el aprendizaje del ingl\u00e9s, o para quienes tengan un mejor nivel del idioma, continuar con su programa educativo en los que oferta la instituci\u00f3n.<\/p>\n\n\n\n<p>\u201cNuestra Universidad tiene135 a\u00f1os de existencia, pertenecemos al Sistema Universitario del Estado de Nebraska y actualmente somos los \u00fanicos efectuando convenios con otros pa\u00edses, buscando la internacionalizaci\u00f3n, contamos con poblaci\u00f3n europea y asi\u00e1tica, por eso nuestro inter\u00e9s en extender nuestros lazos colaborativos hacia la UABJO\u201d, coment\u00f3.<\/p>\n\n\n\n<p>Es as\u00ed como se efectu\u00f3 la firma de esta alianza, con la presencia de la directora de Movilidad Acad\u00e9mica de la m\u00e1xima casa de estudios, Sorelly Sosa Velasco, quien inici\u00f3 la vinculaci\u00f3n con la UNK, a trav\u00e9s del Programa Interinstitucional para el Fortalecimiento de la Investigaci\u00f3n y el Posgrado del Pac\u00edfico (Delf\u00edn).<\/p>\n\n\n\n<p>Se cont\u00f3 tambi\u00e9n con la participaci\u00f3n de la Directora Asistente de Educaci\u00f3n Internacional, Traci Gunderson.<\/p>\n","protected":false},"excerpt":{"rendered":"<p>Redacci\u00f3n\/Zona Roja. Oaxaca de Ju\u00e1rez, Oax., 2 de diciembre de 2021.- La Universidad Aut\u00f3noma \u201cBenito&hellip;<\/p>\n","protected":false},"author":2,"featured_media":34940,"comment_status":"closed","ping_status":"open","sticky":false,"template":"","format":"standard","meta":{"_lmt_disableupdate":"","_lmt_disable":"","_jetpack_memberships_contains_paid_content":false,"footnotes":""},"categories":[109,46],"tags":[360],"class_list":["post-34938","post","type-post","status-publish","format-standard","has-post-thumbnail","hentry","category-minuto-a-minuto","category-zona-blanca","tag-rector-eduardo-bautista-martinez"],"jetpack_featured_media_url":"https:\/\/zonaroja.com.mx\/wp-content\/uploads\/2021\/12\/3-1-1.jpg","jetpack_sharing_enabled":true,"_links":{"self":[{"href":"https:\/\/zonaroja.com.mx\/index.php?rest_route=\/wp\/v2\/posts\/34938","targetHints":{"allow":["GET"]}}],"collection":[{"href":"https:\/\/zonaroja.com.mx\/index.php?rest_route=\/wp\/v2\/posts"}],"about":[{"href":"https:\/\/zonaroja.com.mx\/index.php?rest_route=\/wp\/v2\/types\/post"}],"author":[{"embeddable":true,"href":"https:\/\/zonaroja.com.mx\/index.php?rest_route=\/wp\/v2\/users\/2"}],"replies":[{"embeddable":true,"href":"https:\/\/zonaroja.com.mx\/index.php?rest_route=%2Fwp%2Fv2%2Fcomments&post=34938"}],"version-history":[{"count":1,"href":"https:\/\/zonaroja.com.mx\/index.php?rest_route=\/wp\/v2\/posts\/34938\/revisions"}],"predecessor-version":[{"id":34941,"href":"https:\/\/zonaroja.com.mx\/index.php?rest_route=\/wp\/v2\/posts\/34938\/revisions\/34941"}],"wp:featuredmedia":[{"embeddable":true,"href":"https:\/\/zonaroja.com.mx\/index.php?rest_route=\/wp\/v2\/media\/34940"}],"wp:attachment":[{"href":"https:\/\/zonaroja.com.mx\/index.php?rest_route=%2Fwp%2Fv2%2Fmedia&parent=34938"}],"wp:term":[{"taxonomy":"category","embeddable":true,"href":"https:\/\/zonaroja.com.mx\/index.php?rest_route=%2Fwp%2Fv2%2Fcategories&post=34938"},{"taxonomy":"post_tag","embeddable":true,"href":"https:\/\/zonaroja.com.mx\/index.php?rest_route=%2Fwp%2Fv2%2Ftags&post=34938"}],"curies":[{"name":"wp","href":"https:\/\/api.w.org\/{rel}","templated":true}]}}